{"id":723,"date":"2020-05-26T16:06:36","date_gmt":"2020-05-26T16:06:36","guid":{"rendered":"https:\/\/mdrurales.com\/web\/?p=723"},"modified":"2024-09-01T18:11:05","modified_gmt":"2024-09-01T18:11:05","slug":"beatificacion-del-padre-arnaiz-s-j","status":"publish","type":"post","link":"https:\/\/mdrurales.com\/web\/index.php\/2020\/05\/26\/beatificacion-del-padre-arnaiz-s-j\/","title":{"rendered":"Beatificaci\u00f3n del Padre Arnaiz S.J."},"content":{"rendered":"<h2 style=\"text-align: center;\">El 20 de octubre de 2018 fue Beatificado en la S.I. Catedral de M\u00e1laga el P. Tiburcio Arnaiz fundador de las Misioneras de las Doctrinas Rurales<\/h2>\n<p><a href=\"https:\/\/www.diocesismalaga.es\/buscador\/2014049762\/cronica-de-un-dia-historico-el-padre-arnaiz-ya-es-beato\/\" target=\"_blank\" rel=\"noopener noreferrer\">Cr\u00f3nica de un d\u00eda hist\u00f3rico<\/a><\/p>\n<p>CEREMONIA DE BEATIFICACI\u00d3N<\/p>\n<div class=\"kad-youtube-shortcode videofit\"  ><iframe loading=\"lazy\" width=\"600\" height=\"400\" src=\"\/\/www.youtube.com\/embed\/A00pbUUnl-U?autoplay=0&amp;controls=1&amp;fs=1&amp;modestbranding=0&amp;theme=dark&amp;rel=0&amp;loop=0\" frameborder=\"0\" allowfullscreen=\"true\"><\/iframe><\/div>\n<hr \/>\n<p style=\"text-align: center;\"><a href=\"https:\/\/www.diocesismalaga.es\/buscador\/2014051383\/el-tribunal-diocesano-para-la-beatificacion-de-maria-isabel-gonzalez-del-valle-realiza-su-juramento-y-profesion-de-fe\/\"><strong><span style=\"font-size: 12pt;\">APERTURA DEL PROCESO DIOCESANO DE LA SIERVA DE DIOS M\u00aa ISABEL GONZ\u00c1LEZ DEL VALLE<\/span><\/strong><\/a><\/p>\n<p><img loading=\"lazy\" decoding=\"async\" class=\" wp-image-725 alignleft\" src=\"https:\/\/mdrurales.com\/web\/wp-content\/uploads\/2020\/05\/articulos-242691-300x225.jpg\" alt=\"\" width=\"375\" height=\"282\" srcset=\"https:\/\/mdrurales.com\/web\/wp-content\/uploads\/2020\/05\/articulos-242691-300x225.jpg 300w, https:\/\/mdrurales.com\/web\/wp-content\/uploads\/2020\/05\/articulos-242691-1024x768.jpg 1024w, https:\/\/mdrurales.com\/web\/wp-content\/uploads\/2020\/05\/articulos-242691-768x576.jpg 768w, https:\/\/mdrurales.com\/web\/wp-content\/uploads\/2020\/05\/articulos-242691-1x1.jpg 1w, https:\/\/mdrurales.com\/web\/wp-content\/uploads\/2020\/05\/articulos-242691.jpg 1400w\" sizes=\"auto, (max-width: 375px) 100vw, 375px\" \/><\/p>\n<p>El 25 de noviembre\u00a0 de 2019, el Sr. Obispo de M\u00e1laga ha recibido el juramento y la profesi\u00f3n de fe, y entregado sus respectivos nombramientos, a los miembros del Tribunal nombrado para la investigaci\u00f3n diocesana de la beatificaci\u00f3n de la Sierva de Dios Mar\u00eda Isabel Gonz\u00e1lez del Valle Sarandeses.<\/p>\n<p>&nbsp;<\/p>\n<p>&nbsp;<\/p>\n<p>&nbsp;<\/p>\n<p>&nbsp;<\/p>\n<p>El Tribunal para la investigaci\u00f3n diocesana de la causa de beatificaci\u00f3n queda constituido por:<\/p>\n<p>Rvdo. D. Federico Cort\u00e9s Jim\u00e9nez, Juez Delegado.<\/p>\n<p>Rvdo. D. Antonio Eloy Madue\u00f1o Porras, Promotor de Justicia.<\/p>\n<p>D. Francisco Antonio Cervantes Mauri, Notario-actuario.<\/p>\n<p>Hna. Inmaculada Vila Morera, Postuladora de la causa de beatificaci\u00f3n.<\/p>\n<p>&nbsp;<\/p>\n<p>&nbsp;<\/p>\n<p>&nbsp;<\/p>\n","protected":false},"excerpt":{"rendered":"<p>El 20 de octubre de 2018 fue Beatificado en la S.I. Catedral de M\u00e1laga el P. Tiburcio Arnaiz fundador de las Misioneras de las Doctrinas Rurales Cr\u00f3nica de un d\u00eda hist\u00f3rico CEREMONIA DE BEATIFICACI\u00d3N APERTURA DEL PROCESO DIOCESANO DE LA SIERVA DE DIOS M\u00aa ISABEL GONZ\u00c1LEZ DEL VALLE El 25 de noviembre\u00a0 de 2019, el&#8230;<\/p>\n","protected":false},"author":1,"featured_media":759,"comment_status":"closed","ping_status":"open","sticky":false,"template":"","format":"standard","meta":{"footnotes":""},"categories":[17,31,1],"tags":[],"class_list":["post-723","post","type-post","status-publish","format-standard","has-post-thumbnail","hentry","category-noticias","category-otras","category-uncategorized"],"_links":{"self":[{"href":"https:\/\/mdrurales.com\/web\/index.php\/wp-json\/wp\/v2\/posts\/723","targetHints":{"allow":["GET"]}}],"collection":[{"href":"https:\/\/mdrurales.com\/web\/index.php\/wp-json\/wp\/v2\/posts"}],"about":[{"href":"https:\/\/mdrurales.com\/web\/index.php\/wp-json\/wp\/v2\/types\/post"}],"author":[{"embeddable":true,"href":"https:\/\/mdrurales.com\/web\/index.php\/wp-json\/wp\/v2\/users\/1"}],"replies":[{"embeddable":true,"href":"https:\/\/mdrurales.com\/web\/index.php\/wp-json\/wp\/v2\/comments?post=723"}],"version-history":[{"count":4,"href":"https:\/\/mdrurales.com\/web\/index.php\/wp-json\/wp\/v2\/posts\/723\/revisions"}],"predecessor-version":[{"id":728,"href":"https:\/\/mdrurales.com\/web\/index.php\/wp-json\/wp\/v2\/posts\/723\/revisions\/728"}],"wp:featuredmedia":[{"embeddable":true,"href":"https:\/\/mdrurales.com\/web\/index.php\/wp-json\/wp\/v2\/media\/759"}],"wp:attachment":[{"href":"https:\/\/mdrurales.com\/web\/index.php\/wp-json\/wp\/v2\/media?parent=723"}],"wp:term":[{"taxonomy":"category","embeddable":true,"href":"https:\/\/mdrurales.com\/web\/index.php\/wp-json\/wp\/v2\/categories?post=723"},{"taxonomy":"post_tag","embeddable":true,"href":"https:\/\/mdrurales.com\/web\/index.php\/wp-json\/wp\/v2\/tags?post=723"}],"curies":[{"name":"wp","href":"https:\/\/api.w.org\/{rel}","templated":true}]}}