{"id":402,"date":"2020-05-08T18:44:23","date_gmt":"2020-05-08T18:44:23","guid":{"rendered":"https:\/\/mdrurales.com\/web\/?p=402"},"modified":"2024-09-01T18:11:05","modified_gmt":"2024-09-01T18:11:05","slug":"fundadora-maria-isabel-gonzalez-del-valle","status":"publish","type":"post","link":"https:\/\/mdrurales.com\/web\/index.php\/2020\/05\/08\/fundadora-maria-isabel-gonzalez-del-valle\/","title":{"rendered":"FUNDADORA: Mar\u00eda Isabel Gonz\u00e1lez del Valle"},"content":{"rendered":"<h1 style=\"text-align: center;\"><span style=\"font-family: 'book antiqua', palatino, serif; color: #800000; font-size: 24pt;\">MAR\u00cdA ISABEL GONZ\u00c1LEZ DEL VALLE<\/span><\/h1>\n<p style=\"font-family: 'Open Sans', sans-serif; font-size: 14px; font-style: normal; font-weight: 400;\"><img loading=\"lazy\" decoding=\"async\" class=\" wp-image-291 aligncenter\" src=\"https:\/\/mdrurales.com\/web\/wp-content\/uploads\/2020\/05\/MI-BORDE-ROJO-195x300.png\" alt=\"\" width=\"292\" height=\"449\" srcset=\"https:\/\/mdrurales.com\/web\/wp-content\/uploads\/2020\/05\/MI-BORDE-ROJO-195x300.png 195w, https:\/\/mdrurales.com\/web\/wp-content\/uploads\/2020\/05\/MI-BORDE-ROJO-1x1.png 1w, https:\/\/mdrurales.com\/web\/wp-content\/uploads\/2020\/05\/MI-BORDE-ROJO.png 478w\" sizes=\"auto, (max-width: 292px) 100vw, 292px\" \/><\/p>\n<p><strong><span style=\"color: #800000;\">1. <a style=\"color: #800000;\" href=\"#H1\">INFANCIA Y JUVENTUD<\/a><\/span><\/strong><\/p>\n<p><strong><span style=\"color: #800000;\">2.<a style=\"color: #800000;\" href=\"#H2\">CONVERSI\u00d3N<\/a><\/span><\/strong><\/p>\n<p><strong><span style=\"color: #800000;\">3.<a style=\"color: #800000;\" href=\"#H3\">ENCUENTRA SU VOCACI\u00d3N<\/a><\/span><\/strong><\/p>\n<p><strong><span style=\"color: #800000;\">4.<a style=\"color: #800000;\" href=\"#H4\">LAS DOCTRINAS RURALES<\/a><\/span><\/strong><\/p>\n<p><strong><span style=\"color: #800000;\">5.<a style=\"color: #800000;\" href=\"#H5\">ARRECIAN LAS PRUEBAS<\/a><\/span><\/strong><\/p>\n<p><strong><span style=\"color: #800000;\">6.<a style=\"color: #800000;\" href=\"#H6\">CONSOLIDACI\u00d3N DE LA OBRA<\/a><\/span><\/strong><\/p>\n<p><strong><span style=\"color: #800000;\">7.<a style=\"color: #800000;\" href=\"#H7\">\u00daLTIMOS A\u00d1OS Y MUERTE<\/a><\/span><\/strong><\/p>\n<h1 style=\"text-align: center;\"><span style=\"color: #000080;\"><strong><u><a id=\"H1\"><\/a>I<\/u><u>NFANCIA Y JUVENTUD<\/u><\/strong><\/span><\/h1>\n<div id=\"attachment_408\" style=\"width: 747px\" class=\"wp-caption aligncenter\"><img loading=\"lazy\" decoding=\"async\" aria-describedby=\"caption-attachment-408\" class=\" wp-image-408\" src=\"https:\/\/mdrurales.com\/web\/wp-content\/uploads\/2020\/05\/FAMILIA-SE\u00d1ALDA-e1589446330525-300x164.png\" alt=\"\" width=\"737\" height=\"401\" srcset=\"https:\/\/mdrurales.com\/web\/wp-content\/uploads\/2020\/05\/FAMILIA-SE\u00d1ALDA-e1589446330525-300x164.png 300w, https:\/\/mdrurales.com\/web\/wp-content\/uploads\/2020\/05\/FAMILIA-SE\u00d1ALDA-e1589446330525-2x1.png 2w\" sizes=\"auto, (max-width: 737px) 100vw, 737px\" \/><p id=\"caption-attachment-408\" class=\"wp-caption-text\">Todos los hermanso Gonz\u00e1lez del Valle Sarandeses<\/p><\/div>\n<p>Mar\u00eda Isabel Gonz\u00e1lez del Valle Sarandeses naci\u00f3 en Oviedo el 2 de julio de 1889. Fue bautizada al d\u00eda siguiente. Era la decimosegunda de los quince hijos del matrimonio formado por Don Anselmo y Do\u00f1a Mar\u00eda Dolores.<\/p>\n<p>De familia acaudalada, su educaci\u00f3n fue esmerada y profundamente cristiana. Incluso llegaron a obtener el permiso para tener, en la capilla de su casa, el Sant\u00edsimo, y as\u00ed, el trato \u00edntimo y continuado con el Se\u00f1or, se hizo en ella connatural.<\/p>\n<div id=\"attachment_410\" style=\"width: 346px\" class=\"wp-caption alignleft\"><img loading=\"lazy\" decoding=\"async\" aria-describedby=\"caption-attachment-410\" class=\" wp-image-410\" src=\"https:\/\/mdrurales.com\/web\/wp-content\/uploads\/2020\/05\/1.-MI-Casa-construida-x-sus-padres-calle-Toreno-2-300x211.jpg\" alt=\"\" width=\"336\" height=\"237\" srcset=\"https:\/\/mdrurales.com\/web\/wp-content\/uploads\/2020\/05\/1.-MI-Casa-construida-x-sus-padres-calle-Toreno-2-300x211.jpg 300w, https:\/\/mdrurales.com\/web\/wp-content\/uploads\/2020\/05\/1.-MI-Casa-construida-x-sus-padres-calle-Toreno-2-1x1.jpg 1w, https:\/\/mdrurales.com\/web\/wp-content\/uploads\/2020\/05\/1.-MI-Casa-construida-x-sus-padres-calle-Toreno-2.jpg 500w\" sizes=\"auto, (max-width: 336px) 100vw, 336px\" \/><p id=\"caption-attachment-410\" class=\"wp-caption-text\"><span style=\"font-size: 10pt;\">Casa donde viv\u00f3 durante su infancia, construida por sus padres en lacalle Toreno esquina con Marqu\u00e9s de Pidal<\/span><\/p><\/div>\n<div id=\"attachment_411\" style=\"width: 341px\" class=\"wp-caption alignright\"><img loading=\"lazy\" decoding=\"async\" aria-describedby=\"caption-attachment-411\" class=\" wp-image-411\" src=\"https:\/\/mdrurales.com\/web\/wp-content\/uploads\/2020\/05\/1.-MI-Quinta-de-Roel-3\u00aa-Casa-de-M\u00aa-Isabel-1-300x212.jpg\" alt=\"\" width=\"331\" height=\"234\" srcset=\"https:\/\/mdrurales.com\/web\/wp-content\/uploads\/2020\/05\/1.-MI-Quinta-de-Roel-3\u00aa-Casa-de-M\u00aa-Isabel-1-300x212.jpg 300w, https:\/\/mdrurales.com\/web\/wp-content\/uploads\/2020\/05\/1.-MI-Quinta-de-Roel-3\u00aa-Casa-de-M\u00aa-Isabel-1-1024x725.jpg 1024w, https:\/\/mdrurales.com\/web\/wp-content\/uploads\/2020\/05\/1.-MI-Quinta-de-Roel-3\u00aa-Casa-de-M\u00aa-Isabel-1-768x543.jpg 768w, https:\/\/mdrurales.com\/web\/wp-content\/uploads\/2020\/05\/1.-MI-Quinta-de-Roel-3\u00aa-Casa-de-M\u00aa-Isabel-1-1536x1087.jpg 1536w, https:\/\/mdrurales.com\/web\/wp-content\/uploads\/2020\/05\/1.-MI-Quinta-de-Roel-3\u00aa-Casa-de-M\u00aa-Isabel-1-1x1.jpg 1w, https:\/\/mdrurales.com\/web\/wp-content\/uploads\/2020\/05\/1.-MI-Quinta-de-Roel-3\u00aa-Casa-de-M\u00aa-Isabel-1.jpg 2048w\" sizes=\"auto, (max-width: 331px) 100vw, 331px\" \/><p id=\"caption-attachment-411\" class=\"wp-caption-text\"><span style=\"font-size: 10pt;\">Casa de la Quinta de Roel donde vivi\u00f3 parte de su infancia<\/span><\/p><\/div>\n<p>&nbsp;<\/p>\n<p>&nbsp;<\/p>\n<p>&nbsp;<\/p>\n<p>&nbsp;<\/p>\n<p>&nbsp;<\/p>\n<p>&nbsp;<\/p>\n<p>&nbsp;<\/p>\n<p>&nbsp;<\/p>\n<p>Dos an\u00e9cdotas de su ni\u00f1ez, que tienen dejos de profec\u00eda, hacen sonre\u00edr por su inocencia.<\/p>\n<p>La primera ocurri\u00f3 cuando ten\u00eda siete a\u00f1os y la cuenta ella misma. Dice que paseaba por un \u201cprad\u00edn de margaritas\u201d y, leyendo un libro infantil que tra\u00eda el pasaje del \u201cjoven rico\u201d, impresionada por las palabras de Jes\u00fas e ignorando su privilegiada situaci\u00f3n, exclam\u00f3:<span style=\"color: #800000;\"><strong> <em>\u201cYo no ser\u00e9 nunca rica\u201d<\/em> <\/strong><\/span>y se sinti\u00f3 <strong>\u201ctoda invadida de Dios\u201d<\/strong>.<\/p>\n<div id=\"attachment_413\" style=\"width: 303px\" class=\"wp-caption alignleft\"><img loading=\"lazy\" decoding=\"async\" aria-describedby=\"caption-attachment-413\" class=\" wp-image-413\" src=\"https:\/\/mdrurales.com\/web\/wp-content\/uploads\/2020\/05\/con-sombreo-214x300.png\" alt=\"\" width=\"293\" height=\"410\" srcset=\"https:\/\/mdrurales.com\/web\/wp-content\/uploads\/2020\/05\/con-sombreo-214x300.png 214w, https:\/\/mdrurales.com\/web\/wp-content\/uploads\/2020\/05\/con-sombreo-1x1.png 1w, https:\/\/mdrurales.com\/web\/wp-content\/uploads\/2020\/05\/con-sombreo.png 685w\" sizes=\"auto, (max-width: 293px) 100vw, 293px\" \/><p id=\"caption-attachment-413\" class=\"wp-caption-text\"><span style=\"font-size: 10pt;\">De izquierda a derecha: Jos\u00e9 Mar\u00eda, Mar\u00eda de As\u00f1is, Mar\u00eda Casilda y Mar\u00eda Isabel<\/span><\/p><\/div>\n<p>La segunda no le aconteci\u00f3 a ella propiamente, aunque s\u00ed fue la protagonista del hecho: Cuando cumpli\u00f3 nueve a\u00f1os, sus padres la internaron, como hab\u00edan hecho con sus hermanas, en el convento de las Salesas, con el fin de que se dispusiese lo mejor posible para recibir a Jes\u00fas Sacramentado. Una de las monjas, durante la funci\u00f3n del \u00faltimo d\u00eda de mayo, vio \u00abuna multitud de almas que segu\u00edan a una de las internas\u00bb, y cuando \u00e9sta volvi\u00f3 la cabeza, reconoci\u00f3 en ella a Mar\u00eda Isabel. La religiosa cont\u00f3 lo ocurrido a su comunidad, en la cual hab\u00eda una hermana de Mar\u00eda Isabel y por ella se supo despu\u00e9s.<\/p>\n<p>Al poco de haber recibido la Primera Comuni\u00f3n, falleci\u00f3 su madre; Mar\u00eda Isabel se consagr\u00f3 entonces a la Sant\u00edsima Virgen y, seg\u00fan ella misma refiri\u00f3 tiempo despu\u00e9s en la intimidad, \u00abla Se\u00f1ora\u00bb se le mostr\u00f3 verdaderamente como su Madre.<\/p>\n<p>Pas\u00f3 su adolescencia y juventud en medio de la abundancia de su casa<em>. <\/em>Su hermano mayor la describe as\u00ed:<\/p>\n<p><em>\u00a0\u00abEra agraciada y sobre todo muy expresiva. Siempre llam\u00f3 la atenci\u00f3n, de los que la ve\u00edan por primera vez, la viveza de su mirada y su conversaci\u00f3n&#8230; La inteligencia era muy poderosa&#8230; Generalmente era cabeza de pandilla por \u2018aclamaci\u00f3n t\u00e1cita\u2019 y a todos arrastraba. Caprichosa era mucho, m\u00e1s que veleidosa&#8230; Fue siempre cari\u00f1osa y estaba pendiente de lo que agradaba a los dem\u00e1s&#8230; La cualidad m\u00e1s saliente en ella fue la grandeza de alma&#8230; La humildad la ten\u00eda \u2018in radice\u2019, como demostr\u00f3 en los arranques en que tuvo que vencerse heroicamente&#8230; De orgullo no hab\u00eda nada&#8230;\u00bb<\/em><\/p>\n<div id=\"attachment_414\" style=\"width: 259px\" class=\"wp-caption alignleft\"><img loading=\"lazy\" decoding=\"async\" aria-describedby=\"caption-attachment-414\" class=\" wp-image-414\" src=\"https:\/\/mdrurales.com\/web\/wp-content\/uploads\/2020\/05\/5.MI-en-Bel\u00e9n-con-traje-t\u00edpico-1909-3-scaled-e1589033212711-196x300.jpg\" alt=\"\" width=\"249\" height=\"382\" srcset=\"https:\/\/mdrurales.com\/web\/wp-content\/uploads\/2020\/05\/5.MI-en-Bel\u00e9n-con-traje-t\u00edpico-1909-3-scaled-e1589033212711-196x300.jpg 196w, https:\/\/mdrurales.com\/web\/wp-content\/uploads\/2020\/05\/5.MI-en-Bel\u00e9n-con-traje-t\u00edpico-1909-3-scaled-e1589033212711-670x1024.jpg 670w, https:\/\/mdrurales.com\/web\/wp-content\/uploads\/2020\/05\/5.MI-en-Bel\u00e9n-con-traje-t\u00edpico-1909-3-scaled-e1589033212711-768x1174.jpg 768w, https:\/\/mdrurales.com\/web\/wp-content\/uploads\/2020\/05\/5.MI-en-Bel\u00e9n-con-traje-t\u00edpico-1909-3-scaled-e1589033212711-1005x1536.jpg 1005w, https:\/\/mdrurales.com\/web\/wp-content\/uploads\/2020\/05\/5.MI-en-Bel\u00e9n-con-traje-t\u00edpico-1909-3-scaled-e1589033212711-1339x2048.jpg 1339w, https:\/\/mdrurales.com\/web\/wp-content\/uploads\/2020\/05\/5.MI-en-Bel\u00e9n-con-traje-t\u00edpico-1909-3-scaled-e1589033212711-1x1.jpg 1w, https:\/\/mdrurales.com\/web\/wp-content\/uploads\/2020\/05\/5.MI-en-Bel\u00e9n-con-traje-t\u00edpico-1909-3-scaled-e1589033212711.jpg 1427w\" sizes=\"auto, (max-width: 249px) 100vw, 249px\" \/><p id=\"caption-attachment-414\" class=\"wp-caption-text\"><span style=\"font-size: 10pt;\">Posando vestida de betlemita, en una peregrinaci\u00f3n que hizo a Tierra Santa<\/span><\/p><\/div>\n<div id=\"attachment_267\" style=\"width: 289px\" class=\"wp-caption alignright\"><img loading=\"lazy\" decoding=\"async\" aria-describedby=\"caption-attachment-267\" class=\" wp-image-267\" src=\"https:\/\/mdrurales.com\/web\/wp-content\/uploads\/2020\/04\/1-Leyendo-214x300.jpg\" alt=\"\" width=\"279\" height=\"391\" srcset=\"https:\/\/mdrurales.com\/web\/wp-content\/uploads\/2020\/04\/1-Leyendo-214x300.jpg 214w, https:\/\/mdrurales.com\/web\/wp-content\/uploads\/2020\/04\/1-Leyendo-732x1024.jpg 732w, https:\/\/mdrurales.com\/web\/wp-content\/uploads\/2020\/04\/1-Leyendo-768x1075.jpg 768w, https:\/\/mdrurales.com\/web\/wp-content\/uploads\/2020\/04\/1-Leyendo-1x1.jpg 1w, https:\/\/mdrurales.com\/web\/wp-content\/uploads\/2020\/04\/1-Leyendo.jpg 886w\" sizes=\"auto, (max-width: 279px) 100vw, 279px\" \/><p id=\"caption-attachment-267\" class=\"wp-caption-text\">A los veinte a\u00f1os con el traje t\u00edpico de la regi\u00f3n asturiana<\/p><\/div>\n<p>Alrededor de los veinticinco a\u00f1os, durante la \u00e9poca en que vivi\u00f3 en Madrid, sus amigos la llamaban \u00abla reina\u00bb; tal era la influencia y amable dominio que ejerc\u00eda sobre todos. Varios de ellos la pretendieron. El P. Castro S.J. que la conoci\u00f3 bien, coment\u00f3 sobre este periodo:<\/p>\n<p>&nbsp;<\/p>\n<blockquote>\n<p style=\"text-align: center;\"><span style=\"font-size: 14pt;\"><strong><em>\u00abEn el mundo era alegre, de mucho coraz\u00f3n, muy querida de sus amistades y apasionada de sus amigos, limpia en sus costumbres, aunque muy animada y amiga de viajar y salir y entrar&#8230;\u00bb<\/em>.<\/strong><\/span><\/p>\n<\/blockquote>\n<p>&nbsp;<\/p>\n<p>Su vida de piedad, entre tantos \u00e9xitos y vanidades, se fue enfriando, aunque por la nobleza de su car\u00e1cter nunca dej\u00f3 de cumplir los deberes de cristiana y otros ejercicios piadosos que entonces se acostumbraban.<\/p>\n<h1 style=\"text-align: center;\"><span style=\"color: #000080;\"><strong><u><a id=\"H2\"><\/a>CONVERSI\u00d3N<\/u><\/strong><\/span><\/h1>\n<p>As\u00ed iba pasando el tiempo hasta que comenz\u00f3 una tanda de Ejercicios Espirituales, a los que acudi\u00f3 sin gana ninguna y simplemente por \u201ccumplir\u201d. El P. Pedro Castro S.J., que fue el quien los dirigi\u00f3, anot\u00f3 en su diario:<\/p>\n<div id=\"attachment_415\" style=\"width: 247px\" class=\"wp-caption alignleft\"><img loading=\"lazy\" decoding=\"async\" aria-describedby=\"caption-attachment-415\" class=\"wp-image-415 \" src=\"https:\/\/mdrurales.com\/web\/wp-content\/uploads\/2020\/05\/5.-MI-alrededor-de-1909-1-scaled-e1589033590927-196x300.jpg\" alt=\"\" width=\"237\" height=\"363\" srcset=\"https:\/\/mdrurales.com\/web\/wp-content\/uploads\/2020\/05\/5.-MI-alrededor-de-1909-1-scaled-e1589033590927-196x300.jpg 196w, https:\/\/mdrurales.com\/web\/wp-content\/uploads\/2020\/05\/5.-MI-alrededor-de-1909-1-scaled-e1589033590927-670x1024.jpg 670w, https:\/\/mdrurales.com\/web\/wp-content\/uploads\/2020\/05\/5.-MI-alrededor-de-1909-1-scaled-e1589033590927-768x1173.jpg 768w, https:\/\/mdrurales.com\/web\/wp-content\/uploads\/2020\/05\/5.-MI-alrededor-de-1909-1-scaled-e1589033590927-1005x1536.jpg 1005w, https:\/\/mdrurales.com\/web\/wp-content\/uploads\/2020\/05\/5.-MI-alrededor-de-1909-1-scaled-e1589033590927-1340x2048.jpg 1340w, https:\/\/mdrurales.com\/web\/wp-content\/uploads\/2020\/05\/5.-MI-alrededor-de-1909-1-scaled-e1589033590927-1x1.jpg 1w, https:\/\/mdrurales.com\/web\/wp-content\/uploads\/2020\/05\/5.-MI-alrededor-de-1909-1-scaled-e1589033590927.jpg 1529w\" sizes=\"auto, (max-width: 237px) 100vw, 237px\" \/><p id=\"caption-attachment-415\" class=\"wp-caption-text\">\u00abSu alma se rindi\u00f3 a Cristo y no de una manera ordinaria\u00bb- P. Castro S.J.<\/p><\/div>\n<p><em>\u201cConoc\u00ed a Mar\u00eda Isabel en Madrid, en abril de 1920, con ocasi\u00f3n de unos Ejercicios Espirituales&#8230; El d\u00eda tercero o cuarto, despu\u00e9s de la meditaci\u00f3n de la Magdalena, se me present\u00f3 derramando l\u00e1grimas\u2026 Su alma se hab\u00eda rendido a Cristo y no de una manera ordinaria. A partir de aquel d\u00eda pude observar en ella alientos singulares y deseos extraordinarios para desprenderse de todo, morir a todo por seguir a Cristo pobre. Limpia su alma, con una detenida confesi\u00f3n general, su preocupaci\u00f3n era comenzar cuanto antes, dejarlo todo y ver c\u00f3mo y d\u00f3nde se consagrar\u00eda al servicio de Dios\u201d.<\/em><\/p>\n<p>La \u201crendici\u00f3n\u201d a la gracia hab\u00eda sido tan verdadera que su vida dio un cambio radical. <strong><span style=\"color: #800000;\"><em>\u201cA m\u00ed lo que me pasa es que estoy enamorada del Se\u00f1or\u201d<\/em><\/span>, <\/strong>\u00a0sol\u00eda decir. \u00abEl Se\u00f1or\u00bb ser\u00eda ya desde entonces <span style=\"color: #800000;\"><strong><em>\u201cmi Se\u00f1or\u201d<\/em><\/strong>,<\/span> y la impulsaba a ir con <span style=\"color: #800000;\"><strong><em>\u201cla casina a cuestas, dando a conocer a todos el Padre que tenemos\u201d<\/em><\/strong><em>.<\/em><\/span><\/p>\n<p>Su car\u00e1cter apasionado, claridad de juicio y generosidad sin l\u00edmites, no admit\u00edan demoras, e inmediatamente puso todas sus excelentes cualidades al servicio de su Padre Celestial. Al cabo de tres meses, despu\u00e9s de varias consultas y tentativas de ingresar en alg\u00fan instituto religioso, a los treinta a\u00f1os de edad, el 9 de octubre de 1920, dej\u00f3 definitivamente el mundo que tanto la aplaud\u00eda y halagaba, y se \u201cescondi\u00f3\u201d, como el grano de trigo, en B\u00e9lmez, un pueblo de C\u00f3rdoba, con dos dirigidas del P. Castro que viv\u00edan entregadas a una vida de intensa piedad y apostolado.<\/p>\n<div id=\"attachment_416\" style=\"width: 404px\" class=\"wp-caption alignright\"><img loading=\"lazy\" decoding=\"async\" aria-describedby=\"caption-attachment-416\" class=\" wp-image-416\" src=\"https:\/\/mdrurales.com\/web\/wp-content\/uploads\/2020\/05\/con-damilia-en-escalera-300x269.png\" alt=\"\" width=\"394\" height=\"354\" srcset=\"https:\/\/mdrurales.com\/web\/wp-content\/uploads\/2020\/05\/con-damilia-en-escalera-300x269.png 300w, https:\/\/mdrurales.com\/web\/wp-content\/uploads\/2020\/05\/con-damilia-en-escalera-768x689.png 768w, https:\/\/mdrurales.com\/web\/wp-content\/uploads\/2020\/05\/con-damilia-en-escalera-1x1.png 1w, https:\/\/mdrurales.com\/web\/wp-content\/uploads\/2020\/05\/con-damilia-en-escalera.png 960w\" sizes=\"auto, (max-width: 394px) 100vw, 394px\" \/><p id=\"caption-attachment-416\" class=\"wp-caption-text\">Con sus hermanos y amigos, en la \u00e9poca de su conversi\u00f3n<\/p><\/div>\n<p>El P. Castro quer\u00eda que trazasen el proyecto de una fundaci\u00f3n en favor de los pobres que, seg\u00fan \u00e9l mismo les suger\u00eda, podr\u00eda llamarse \u201cObra de los pueblos\u201d. Pero a los pocos d\u00edas fue destinado a las Islas Carolinas y su partida era inminente, por lo que propuso a Mar\u00eda Isabel que fuese a M\u00e1laga y se pusiese de acuerdo con una tal Cecilia Le\u00f3n, que por lo visto ten\u00eda en proyecto hacer una fundaci\u00f3n de religiosas en dichas islas, as\u00ed podr\u00eda viajar con ella y ayudar en la misi\u00f3n encargada a los Jesuitas.<\/p>\n<h1><\/h1>\n<h1 style=\"text-align: center;\"><span style=\"color: #000080;\"><strong><u><a id=\"H3\"><\/a>ENCUENTRA SU VOCACI\u00d3N<\/u><\/strong><\/span><\/h1>\n<p>Tan expeditiva como era, pronto se encamin\u00f3 a M\u00e1laga a resolver el asunto. El director espiritual de Cecilia Le\u00f3n result\u00f3 ser nada menos que el santo misionero P. Tiburcio Arnaiz S.J. (beatificado el 20 de octubre de 2018), y Mar\u00eda Isabel hizo cuanto pudo por verlo.<\/p>\n<div id=\"attachment_418\" style=\"width: 337px\" class=\"wp-caption alignleft\"><img loading=\"lazy\" decoding=\"async\" aria-describedby=\"caption-attachment-418\" class=\" wp-image-418\" src=\"https:\/\/mdrurales.com\/web\/wp-content\/uploads\/2020\/05\/recorte-199x300.png\" alt=\"\" width=\"327\" height=\"493\" srcset=\"https:\/\/mdrurales.com\/web\/wp-content\/uploads\/2020\/05\/recorte-199x300.png 199w, https:\/\/mdrurales.com\/web\/wp-content\/uploads\/2020\/05\/recorte-1x1.png 1w, https:\/\/mdrurales.com\/web\/wp-content\/uploads\/2020\/05\/recorte.png 435w\" sizes=\"auto, (max-width: 327px) 100vw, 327px\" \/><p id=\"caption-attachment-418\" class=\"wp-caption-text\">Mar\u00eda Isabel<\/p><\/div>\n<div id=\"attachment_419\" style=\"width: 317px\" class=\"wp-caption alignright\"><img loading=\"lazy\" decoding=\"async\" aria-describedby=\"caption-attachment-419\" class=\" wp-image-419\" src=\"https:\/\/mdrurales.com\/web\/wp-content\/uploads\/2020\/05\/pa-recorte-e1589034866246-191x300.png\" alt=\"\" width=\"307\" height=\"481\" srcset=\"https:\/\/mdrurales.com\/web\/wp-content\/uploads\/2020\/05\/pa-recorte-e1589034866246-191x300.png 191w, https:\/\/mdrurales.com\/web\/wp-content\/uploads\/2020\/05\/pa-recorte-e1589034866246-1x1.png 1w, https:\/\/mdrurales.com\/web\/wp-content\/uploads\/2020\/05\/pa-recorte-e1589034866246.png 461w\" sizes=\"auto, (max-width: 307px) 100vw, 307px\" \/><p id=\"caption-attachment-419\" class=\"wp-caption-text\">Beato P. Tiburcio Arnaiz S.J.<\/p><\/div>\n<p>&nbsp;<\/p>\n<p>&nbsp;<\/p>\n<p>&nbsp;<\/p>\n<p>&nbsp;<\/p>\n<p>&nbsp;<\/p>\n<p>&nbsp;<\/p>\n<p>&nbsp;<\/p>\n<p>&nbsp;<\/p>\n<p>&nbsp;<\/p>\n<p>&nbsp;<\/p>\n<p>&nbsp;<\/p>\n<p>&nbsp;<\/p>\n<p>El P. Arnaiz contaba con un grupo de seglares que le preparaban algunas de sus misiones y llevaban a cabo una gran labor en barrios marginales de la ciudad; pero su coraz\u00f3n de ap\u00f3stol sufr\u00eda lo indecible viendo abandonados tantos pueblos y cortijadas de los campos.<\/p>\n<p>Ya hac\u00eda tiempo, despu\u00e9s de los trabajos realizados en uno de los \u201ccorralones\u201d malague\u00f1os, y mientras buscaban una maestra para que se pudiese seguir ocupando de aquello, hab\u00eda dicho muy pensativo a Emilia Werner, una de sus catequistas: <strong><em>\u201cEsto no es mi idea; lo que pienso es que sean se\u00f1oritas las que vayan por el amor de Dios a poner escuelas en los pueblos y lagares\u201d<\/em> <\/strong>(cortijadas donde se cultivaba la vi\u00f1a y se hac\u00eda el mosto). A la buena de Emilia, aquello le pareci\u00f3 un imposible, pero \u00e9l replic\u00f3:<\/p>\n<blockquote>\n<p style=\"text-align: center;\"><span style=\"font-size: 18pt;\"><strong> <em>\u201cCuando Dios quiere una cosa, todo se hace posible; manda las personas y los medios; si \u00c9l lo quiere, esto se har\u00e1 cuando \u00c9l lo tenga dispuesto.\u201d<\/em><\/strong><\/span><\/p>\n<\/blockquote>\n<div id=\"attachment_421\" style=\"width: 550px\" class=\"wp-caption aligncenter\"><img loading=\"lazy\" decoding=\"async\" aria-describedby=\"caption-attachment-421\" class=\" wp-image-421\" src=\"https:\/\/mdrurales.com\/web\/wp-content\/uploads\/2020\/05\/m\u00e1laga-antigua-300x188.jpg\" alt=\"\" width=\"540\" height=\"338\" srcset=\"https:\/\/mdrurales.com\/web\/wp-content\/uploads\/2020\/05\/m\u00e1laga-antigua-300x188.jpg 300w, https:\/\/mdrurales.com\/web\/wp-content\/uploads\/2020\/05\/m\u00e1laga-antigua-768x480.jpg 768w, https:\/\/mdrurales.com\/web\/wp-content\/uploads\/2020\/05\/m\u00e1laga-antigua-2x1.jpg 2w, https:\/\/mdrurales.com\/web\/wp-content\/uploads\/2020\/05\/m\u00e1laga-antigua.jpg 960w\" sizes=\"auto, (max-width: 540px) 100vw, 540px\" \/><p id=\"caption-attachment-421\" class=\"wp-caption-text\">Vista de M\u00e1laga a principios del siglo XX<\/p><\/div>\n<p>\u201cLas personas y los medios\u201d llegaron con Mar\u00eda Isabel. Precisamente la tarde del 7 de enero de 1921, ella estaba esperando al P. Arnaiz, en el locutorio de las Reparadoras de M\u00e1laga, cuando \u00e9ste llegaba de la Sierra de Gibralgalia, un pago de chozas, en el t\u00e9rmino municipal de C\u00e1rtama, en la provincia de M\u00e1laga, abandonad\u00edsimo en todos los sentidos. El Padre dej\u00f3 hablar a aquella se\u00f1orita tan expresiva\u2026, y dispuesta, seg\u00fan le dec\u00eda ella misma, a irse de misiones a las Islas Carolinas y cuando termin\u00f3, sin m\u00e1s ni m\u00e1s, con su fina iron\u00eda castellana, le dijo:<\/p>\n<div id=\"attachment_422\" style=\"width: 285px\" class=\"wp-caption alignleft\"><img loading=\"lazy\" decoding=\"async\" aria-describedby=\"caption-attachment-422\" class=\" wp-image-422\" src=\"https:\/\/mdrurales.com\/web\/wp-content\/uploads\/2020\/05\/corral\u00f3n-m\u00e1laga-198x300.jpg\" alt=\"\" width=\"275\" height=\"417\" srcset=\"https:\/\/mdrurales.com\/web\/wp-content\/uploads\/2020\/05\/corral\u00f3n-m\u00e1laga-198x300.jpg 198w, https:\/\/mdrurales.com\/web\/wp-content\/uploads\/2020\/05\/corral\u00f3n-m\u00e1laga-1x1.jpg 1w, https:\/\/mdrurales.com\/web\/wp-content\/uploads\/2020\/05\/corral\u00f3n-m\u00e1laga.jpg 350w\" sizes=\"auto, (max-width: 275px) 100vw, 275px\" \/><p id=\"caption-attachment-422\" class=\"wp-caption-text\">\u00abCorral\u00f3n\u00bb o patio de vecinos- M\u00e1laga<\/p><\/div>\n<p><strong><em>\u201c\u00bfY con esos zapatos y ese vestido se va usted a ir a las Carolinas?\u201d.<\/em><\/strong>Y continu\u00f3:<strong><em>\u201c\u00a1Qu\u00e9 Carolinas ni Carolinas!, cuando, ah\u00ed a dos pasos de M\u00e1laga, vengo yo de un pueblo donde ofrec\u00ed un rosario de cristal a quien supiera hacer la se\u00f1al de la cruz, y ni uno solo supo hacerla\u2026 Si de verdad usted quiere trabajar por Cristo, yo arreglar\u00e9 que pueda usted ir a ense\u00f1ar a esas almas. Pero ya hablaremos de eso despu\u00e9s\u201d.<\/em><\/strong><\/p>\n<p>Ten\u00eda prisa, porque empezaba una tanda de Ejercicios Espirituales, y le dijo que se quedase y los hiciese. Mar\u00eda Isabel, aunque perpleja por el recibimiento que le hab\u00eda dispensado, se puso enteramente a su disposici\u00f3n desde el primer momento. Durante los Ejercicios sufri\u00f3 mucho, porque el Padre quer\u00eda probarla y actuaba con indiferencia hacia ella, pero bastaron esos pocos d\u00edas para que \u00e9l se diese cuenta que ten\u00eda delante un alma totalmente entregada a la voluntad de Dios y, providencial, para lo que el Se\u00f1or le inspiraba.<\/p>\n<p>&nbsp;<\/p>\n<div id=\"attachment_424\" style=\"width: 408px\" class=\"wp-caption alignright\"><img loading=\"lazy\" decoding=\"async\" aria-describedby=\"caption-attachment-424\" class=\" wp-image-424\" src=\"https:\/\/mdrurales.com\/web\/wp-content\/uploads\/2020\/05\/gi-300x148.png\" alt=\"\" width=\"398\" height=\"197\" srcset=\"https:\/\/mdrurales.com\/web\/wp-content\/uploads\/2020\/05\/gi-300x148.png 300w, https:\/\/mdrurales.com\/web\/wp-content\/uploads\/2020\/05\/gi-768x379.png 768w, https:\/\/mdrurales.com\/web\/wp-content\/uploads\/2020\/05\/gi-2x1.png 2w, https:\/\/mdrurales.com\/web\/wp-content\/uploads\/2020\/05\/gi.png 823w\" sizes=\"auto, (max-width: 398px) 100vw, 398px\" \/><p id=\"caption-attachment-424\" class=\"wp-caption-text\">Sierra de Gibralgalia- M\u00e1laga. Primer campo donde tuvieron \u00abDoctrina\u00bb las catequistas del P. Arnaiz en 1922<\/p><\/div>\n<p>No era empresa f\u00e1cil, y cost\u00f3 un a\u00f1o encontrar quien quisiese acompa\u00f1arla a la Sierra de Gibralgalia. All\u00ed tuvo lugar la primera \u00abDoctrina\u00bb, que levant\u00f3 en la ciudad una \u00abpolvareda\u00bb de cr\u00edticas y comentarios desfavorables, pues todo parec\u00eda fruto de un celo extravagante, aventurero y peligroso. En verdad que no era, desde luego, fruto de la prudencia humana, sino de una caridad sobrenatural, el que unas se\u00f1oritas fuesen a instalarse en una choza, a convivir entre aquellos serranos que andaban descalzos, y a darles lo que a ellas tambi\u00e9n les hab\u00eda sido dado: la m\u00e1s elemental formaci\u00f3n religiosa y humana. Comenzaron a visitarlos y, tal como les indic\u00f3 el P. Arnaiz, establecieron clases de cultura general, labores y otras actividades, totalmente gratuitas; \u00a0juntamente\u00a0 les iban explicando el Credo, la vida de Cristo, sus Sacramentos de salvaci\u00f3n, los Mandamientos&#8230; En poco tiempo aquellas gentes vi\u00e9ndose dignificadas por su condici\u00f3n de hijos de Dios, se volcaban correspondiendo a su Amor.<\/p>\n<div id=\"attachment_425\" style=\"width: 477px\" class=\"wp-caption alignleft\"><img loading=\"lazy\" decoding=\"async\" aria-describedby=\"caption-attachment-425\" class=\"wp-image-425\" src=\"https:\/\/mdrurales.com\/web\/wp-content\/uploads\/2020\/05\/NAVEROS-C\u00e1diz-1924-25-F1-300x200.jpg\" alt=\"\" width=\"467\" height=\"311\" srcset=\"https:\/\/mdrurales.com\/web\/wp-content\/uploads\/2020\/05\/NAVEROS-C\u00e1diz-1924-25-F1-300x200.jpg 300w, https:\/\/mdrurales.com\/web\/wp-content\/uploads\/2020\/05\/NAVEROS-C\u00e1diz-1924-25-F1-1024x681.jpg 1024w, https:\/\/mdrurales.com\/web\/wp-content\/uploads\/2020\/05\/NAVEROS-C\u00e1diz-1924-25-F1-768x511.jpg 768w, https:\/\/mdrurales.com\/web\/wp-content\/uploads\/2020\/05\/NAVEROS-C\u00e1diz-1924-25-F1-1536x1022.jpg 1536w, https:\/\/mdrurales.com\/web\/wp-content\/uploads\/2020\/05\/NAVEROS-C\u00e1diz-1924-25-F1-2x1.jpg 2w, https:\/\/mdrurales.com\/web\/wp-content\/uploads\/2020\/05\/NAVEROS-C\u00e1diz-1924-25-F1.jpg 1876w\" sizes=\"auto, (max-width: 467px) 100vw, 467px\" \/><p id=\"caption-attachment-425\" class=\"wp-caption-text\">Naveros (C\u00e1diz). Pago de chozas trabajado en 1924<\/p><\/div>\n<p>Esta labor heroica fue recompensada a los dos meses por San Manuel Gonz\u00e1lez, entonces obispo de la di\u00f3cesis, el cual viendo el sacrificio que hac\u00edan priv\u00e1ndose incluso de la Comuni\u00f3n frecuente (a veces, si el r\u00edo iba crecido, hubieron de estar quince o veinte d\u00edas sin poder comulgar ni o\u00edr Misa), \u00a0les dio permiso para tener, con ellas, el Sant\u00edsimo Sacramento.<\/p>\n<div id=\"attachment_426\" style=\"width: 462px\" class=\"wp-caption alignright\"><img loading=\"lazy\" decoding=\"async\" aria-describedby=\"caption-attachment-426\" class=\"wp-image-426\" src=\"https:\/\/mdrurales.com\/web\/wp-content\/uploads\/2020\/05\/LA-GUARE\u00d1A-Jerez-1960-61-Choza-2-300x195.jpg\" alt=\"\" width=\"452\" height=\"294\" srcset=\"https:\/\/mdrurales.com\/web\/wp-content\/uploads\/2020\/05\/LA-GUARE\u00d1A-Jerez-1960-61-Choza-2-300x195.jpg 300w, https:\/\/mdrurales.com\/web\/wp-content\/uploads\/2020\/05\/LA-GUARE\u00d1A-Jerez-1960-61-Choza-2-1024x665.jpg 1024w, https:\/\/mdrurales.com\/web\/wp-content\/uploads\/2020\/05\/LA-GUARE\u00d1A-Jerez-1960-61-Choza-2-768x499.jpg 768w, https:\/\/mdrurales.com\/web\/wp-content\/uploads\/2020\/05\/LA-GUARE\u00d1A-Jerez-1960-61-Choza-2-2x1.jpg 2w, https:\/\/mdrurales.com\/web\/wp-content\/uploads\/2020\/05\/LA-GUARE\u00d1A-Jerez-1960-61-Choza-2.jpg 1467w\" sizes=\"auto, (max-width: 452px) 100vw, 452px\" \/><p id=\"caption-attachment-426\" class=\"wp-caption-text\">Vivienda de algunos de los campos que misionaron \u201clas doctrineras\u201d del P. Arnaiz<\/p><\/div>\n<p>&nbsp;<\/p>\n<p>&nbsp;<\/p>\n<p>&nbsp;<\/p>\n<p>Este regalo, descans\u00f3 el coraz\u00f3n ardiente de Mar\u00eda Isabel, que viendo a su Se\u00f1or <span style=\"color: #800000;\"><strong><em>\u00abtan precioso\u00bb<\/em>,<\/strong><\/span> en aquella chocita, y amado de sus pr\u00f3jimos, con aquella sencillez, ya no dud\u00f3 jam\u00e1s. \u00a1Comprendi\u00f3 que hab\u00eda encontrado su vocaci\u00f3n!<\/p>\n<p>Hab\u00eda comenzado su andadura la <strong>\u00abObra de las Doctrinas Rurales\u00bb.<\/strong><\/p>\n<p>&nbsp;<\/p>\n<h1 style=\"text-align: center;\"><span style=\"color: #000080;\"><strong><u><a id=\"H4\"><\/a>LAS DOCTRINAS RURALES<\/u><\/strong><\/span><\/h1>\n<div id=\"attachment_427\" style=\"width: 594px\" class=\"wp-caption aligncenter\"><img loading=\"lazy\" decoding=\"async\" aria-describedby=\"caption-attachment-427\" class=\" wp-image-427\" src=\"https:\/\/mdrurales.com\/web\/wp-content\/uploads\/2020\/05\/GIBRALGALIA-\u00bf\u00bfA\u00d1O-1-300x205.jpg\" alt=\"\" width=\"584\" height=\"399\" srcset=\"https:\/\/mdrurales.com\/web\/wp-content\/uploads\/2020\/05\/GIBRALGALIA-\u00bf\u00bfA\u00d1O-1-300x205.jpg 300w, https:\/\/mdrurales.com\/web\/wp-content\/uploads\/2020\/05\/GIBRALGALIA-\u00bf\u00bfA\u00d1O-1-1024x699.jpg 1024w, https:\/\/mdrurales.com\/web\/wp-content\/uploads\/2020\/05\/GIBRALGALIA-\u00bf\u00bfA\u00d1O-1-768x524.jpg 768w, https:\/\/mdrurales.com\/web\/wp-content\/uploads\/2020\/05\/GIBRALGALIA-\u00bf\u00bfA\u00d1O-1-1536x1048.jpg 1536w, https:\/\/mdrurales.com\/web\/wp-content\/uploads\/2020\/05\/GIBRALGALIA-\u00bf\u00bfA\u00d1O-1-1x1.jpg 1w, https:\/\/mdrurales.com\/web\/wp-content\/uploads\/2020\/05\/GIBRALGALIA-\u00bf\u00bfA\u00d1O-1.jpg 1831w\" sizes=\"auto, (max-width: 584px) 100vw, 584px\" \/><p id=\"caption-attachment-427\" class=\"wp-caption-text\">Ni\u00f1os de la Sierra de Gibralgalia, ya en los a\u00f1os cincuenta<\/p><\/div>\n<p>El santo Obispo de los Sagrarios Abandonados apoy\u00f3 desde el primer momento aquella labor misionera tan singular y necesaria en su extensa di\u00f3cesis malacitana, y acudi\u00f3 a la inauguraci\u00f3n de una peque\u00f1a iglesia construida en Gibralgalia gracias a la generosidad de Mar\u00eda Isabel. Ese d\u00eda se confirmaron trescientos treinta y tres vecinos, que ya hab\u00edan recibido su Primera Comuni\u00f3n dos a\u00f1os antes, cuando el P. Arnaiz subi\u00f3 por primera vez.<\/p>\n<div id=\"attachment_381\" style=\"width: 222px\" class=\"wp-caption alignleft\"><img loading=\"lazy\" decoding=\"async\" aria-describedby=\"caption-attachment-381\" class=\"wp-image-381 size-medium\" src=\"https:\/\/mdrurales.com\/web\/wp-content\/uploads\/2020\/05\/grandes0002-212x300.jpg\" alt=\"\" width=\"212\" height=\"300\" srcset=\"https:\/\/mdrurales.com\/web\/wp-content\/uploads\/2020\/05\/grandes0002-212x300.jpg 212w, https:\/\/mdrurales.com\/web\/wp-content\/uploads\/2020\/05\/grandes0002-724x1024.jpg 724w, https:\/\/mdrurales.com\/web\/wp-content\/uploads\/2020\/05\/grandes0002-768x1086.jpg 768w, https:\/\/mdrurales.com\/web\/wp-content\/uploads\/2020\/05\/grandes0002-1087x1536.jpg 1087w, https:\/\/mdrurales.com\/web\/wp-content\/uploads\/2020\/05\/grandes0002-1449x2048.jpg 1449w, https:\/\/mdrurales.com\/web\/wp-content\/uploads\/2020\/05\/grandes0002-1x1.jpg 1w, https:\/\/mdrurales.com\/web\/wp-content\/uploads\/2020\/05\/grandes0002.jpg 1654w\" sizes=\"auto, (max-width: 212px) 100vw, 212px\" \/><p id=\"caption-attachment-381\" class=\"wp-caption-text\">El P. Arnaiz revidando las obras de la iglesia de la Sierra de Gibralgalia en 1922<\/p><\/div>\n<div id=\"attachment_428\" style=\"width: 278px\" class=\"wp-caption alignright\"><img loading=\"lazy\" decoding=\"async\" aria-describedby=\"caption-attachment-428\" class=\"wp-image-428 size-medium\" src=\"https:\/\/mdrurales.com\/web\/wp-content\/uploads\/2020\/05\/0436_0001-e1589037514494-268x300.jpg\" alt=\"\" width=\"268\" height=\"300\" srcset=\"https:\/\/mdrurales.com\/web\/wp-content\/uploads\/2020\/05\/0436_0001-e1589037514494-268x300.jpg 268w, https:\/\/mdrurales.com\/web\/wp-content\/uploads\/2020\/05\/0436_0001-e1589037514494-916x1024.jpg 916w, https:\/\/mdrurales.com\/web\/wp-content\/uploads\/2020\/05\/0436_0001-e1589037514494-768x859.jpg 768w, https:\/\/mdrurales.com\/web\/wp-content\/uploads\/2020\/05\/0436_0001-e1589037514494-1x1.jpg 1w, https:\/\/mdrurales.com\/web\/wp-content\/uploads\/2020\/05\/0436_0001-e1589037514494.jpg 1219w\" sizes=\"auto, (max-width: 268px) 100vw, 268px\" \/><p id=\"caption-attachment-428\" class=\"wp-caption-text\">San Manuel Gonz\u00e1lez, en la inauguraci\u00f3n de la iglesia de la Sierra de Gibralgalia y primeras Confirmaciones, en diciembre de 1922<\/p><\/div>\n<p>Mar\u00eda Isabel qued\u00f3 sola en la Sierra alguna temporada y, llevada de su enamoramiento del Se\u00f1or, le pidi\u00f3 al Padre permiso para estarse con \u00c9l todo el tiempo que pudiese, mientras no la ocupasen los pr\u00f3jimos. All\u00ed en aquella capillita cos\u00eda, correg\u00eda los cuadernos y hasta\u2026 \u00a1com\u00eda! Dorm\u00eda en un cuartito al lado mismo de la capilla y hab\u00eda dispuesto su colch\u00f3n junto a una ventana de comunicaci\u00f3n para ver al Se\u00f1or. Viv\u00eda lo sobrenatural como si fuese natural y en este trato tan \u00edntimo creci\u00f3 la presencialidad amorosa de Cristo en ella. Pocas cosas se traslucieron de aquellos d\u00edas en soledad con el Se\u00f1or. En Mar\u00eda Isabel todo era de una simplicidad abrumadora; por humildad y discreci\u00f3n, no hablaba de sus intimidades \u00a0pero, habiendo motivo y ocasi\u00f3n, no ten\u00eda ning\u00fan reparo en hacerlo.<\/p>\n<p>En una de estas ocasiones, a prop\u00f3sito de la hermosa vocaci\u00f3n a la que se sent\u00eda atra\u00edda, comentaba con sus compa\u00f1eras que hab\u00eda sido el Padre Celestial el que la hab\u00eda llamado para aquella vida, pero a la vez, como cre\u00eda y ten\u00eda entendido que el que llama es Cristo, no sab\u00eda si era aceptable aquel sentimiento, y que fue el P. Arnaiz el que la hab\u00eda sacado de dudas y le asegur\u00f3 que s\u00ed, que el Padre llama,\u2026 claro que llama con la \u201cVoz\u201d que es su Hijo, pero llama el Padre. Como atrae el Padre, pero el atractivo es el Hijo, o mejor dicho, el v\u00ednculo o cuerda con que atrae es el Hijo y la fuerza atractiva es el Esp\u00edritu Santo.<\/p>\n<p>El P. Juan Ca\u00f1ete S.J., Provincial entonces de Andaluc\u00eda y fallecido tambi\u00e9n en olor de santidad, que hab\u00eda tenido que salir en defensa del P. Arnaiz y sus Doctrinas Rurales, escribi\u00f3 sobre Mar\u00eda Isabel:<\/p>\n<p><em>\u201cYo apreciaba mucho a Mar\u00eda Isabel como se suele apreciar a los santos, y ella verdaderamente que lo era&#8230; La trat\u00e9 en varias ocasiones y aun la acompa\u00f1\u00e9 en algunas de sus correr\u00edas apost\u00f3licas por los pueblos y cortijos de M\u00e1laga, Sevilla y C\u00e1diz, y siempre reconoc\u00ed en ella virtudes cristianas nada vulgares. Not\u00e9 en Mar\u00eda Isabel un amor tan verdadero, s\u00f3lido y a la vez tierno a Nuestro Se\u00f1or Jesucristo, que le inclinaba constantemente a complacerle en todas cuantas ocasiones se le presentaban, sin reparar en sacrificios, de cualquier g\u00e9nero que fuesen. Este mismo amor a Jes\u00fas encend\u00eda en ella el deseo constante de llevar a Nuestro Se\u00f1or a las almas, prepar\u00e1ndolas por s\u00ed y con el auxilio de sus compa\u00f1eras, a fin de que conociesen, amasen, alabasen y sirviesen a su amante Jes\u00fas. Not\u00e9 en ella gran caridad con las personas con quienes trataba y en especial con sus compa\u00f1eras de apostolado; una humildad, sencillez y verdad en su trato, que se hac\u00eda querer y respetar de todos\u201d.<\/em><\/p>\n<div id=\"attachment_429\" style=\"width: 808px\" class=\"wp-caption aligncenter\"><img loading=\"lazy\" decoding=\"async\" aria-describedby=\"caption-attachment-429\" class=\" wp-image-429\" src=\"https:\/\/mdrurales.com\/web\/wp-content\/uploads\/2020\/05\/MI-y-PA-juntos-300x89.png\" alt=\"\" width=\"798\" height=\"236\" srcset=\"https:\/\/mdrurales.com\/web\/wp-content\/uploads\/2020\/05\/MI-y-PA-juntos-300x89.png 300w, https:\/\/mdrurales.com\/web\/wp-content\/uploads\/2020\/05\/MI-y-PA-juntos-768x228.png 768w, https:\/\/mdrurales.com\/web\/wp-content\/uploads\/2020\/05\/MI-y-PA-juntos-3x1.png 3w, https:\/\/mdrurales.com\/web\/wp-content\/uploads\/2020\/05\/MI-y-PA-juntos.png 992w\" sizes=\"auto, (max-width: 798px) 100vw, 798px\" \/><p id=\"caption-attachment-429\" class=\"wp-caption-text\">\u00danica fotograf\u00eda en que aparecen juntos el P. Arnaiz y Mar\u00eda Isabel, en una aldea durante una misi\u00f3n<\/p><\/div>\n<p>Desde 1922 a 1926, en vida del P. Arnaiz, Mar\u00eda Isabel\u00a0 trabaj\u00f3 junto a un buen grupo de catequistas y se pudieron hacer hasta veinte Doctrinas Rurales: En M\u00e1laga, adem\u00e1s de Gibralgalia, La Parrilla, Alozaina, Montecorto, Las Mellizas, Las Capuchinas, Los Chaparrales, Alfarnatejo, Colonia de Santa In\u00e9s, Santa Amalia y Do\u00f1ana, Los Remedios, La Sauceda y El Valle de Abdalaj\u00eds, en varias de ellas en m\u00e1s de una ocasi\u00f3n. En la provincia de C\u00e1diz: Naveros, El Palmar, Ca\u00f1ada de Taraje y Barrio Nuevo. Y pertenecientes entonces a la de Sevilla: La Muela y Gobantes.<\/p>\n<p>El P. Arnaiz estaba en todo y las alentaba sin descanso:<\/p>\n<p><strong><em>\u201cMis buenas hermanas en Cristo Jes\u00fas: <\/em><\/strong><\/p>\n<p><strong><em>Me ruega Mar\u00eda Isabel que les ponga algunas letras. Yo nada tengo que decirles de nuevo, si no es que en todas las obras y en cada momento se acuerden que sirven al Se\u00f1or a quien tantas veces hemos dicho que le queremos dar de lo que tenemos y podemos. Esto pide y eso quiere: que le den a conocer a esas gentes. \u00c9l les dar\u00e1 a conocer cu\u00e1n agradable le es la obra. No escuchen al enemigo, que les pondr\u00e1 desalientos\u2026<\/em><\/strong><\/p>\n<p><strong><em>No tengo tiempo para m\u00e1s consejos: poco cavilar y mucho trabajar y sacrificarse por el pr\u00f3jimo. Es lo que a Cristo, bien nuestro, le complace y lo que de ustedes desea y espera su affmo. hermano en Cristo Jes\u00fas. <\/em><\/strong><\/p>\n<p style=\"text-align: right;\"><strong><em>T. <\/em><em style=\"font-size: 14px;\">Arnaiz S. J.\u201d<\/em><\/strong><\/p>\n<div id=\"attachment_430\" style=\"width: 664px\" class=\"wp-caption aligncenter\"><img loading=\"lazy\" decoding=\"async\" aria-describedby=\"caption-attachment-430\" class=\" wp-image-430\" src=\"https:\/\/mdrurales.com\/web\/wp-content\/uploads\/2020\/05\/MI-1924-Algodonales-MI-Mujer-notario-y-Leonor-1-A-300x217.jpg\" alt=\"\" width=\"654\" height=\"473\" srcset=\"https:\/\/mdrurales.com\/web\/wp-content\/uploads\/2020\/05\/MI-1924-Algodonales-MI-Mujer-notario-y-Leonor-1-A-300x217.jpg 300w, https:\/\/mdrurales.com\/web\/wp-content\/uploads\/2020\/05\/MI-1924-Algodonales-MI-Mujer-notario-y-Leonor-1-A-1024x741.jpg 1024w, https:\/\/mdrurales.com\/web\/wp-content\/uploads\/2020\/05\/MI-1924-Algodonales-MI-Mujer-notario-y-Leonor-1-A-768x556.jpg 768w, https:\/\/mdrurales.com\/web\/wp-content\/uploads\/2020\/05\/MI-1924-Algodonales-MI-Mujer-notario-y-Leonor-1-A-1536x1112.jpg 1536w, https:\/\/mdrurales.com\/web\/wp-content\/uploads\/2020\/05\/MI-1924-Algodonales-MI-Mujer-notario-y-Leonor-1-A-2048x1483.jpg 2048w, https:\/\/mdrurales.com\/web\/wp-content\/uploads\/2020\/05\/MI-1924-Algodonales-MI-Mujer-notario-y-Leonor-1-A-1x1.jpg 1w\" sizes=\"auto, (max-width: 654px) 100vw, 654px\" \/><p id=\"caption-attachment-430\" class=\"wp-caption-text\">Con sus compa\u00f1eras de apostolado. En casa del notario de Algodonales- C\u00e1diz, D. Francisco San Miguel, gran amigo y colaborador del P. Arnaiz<\/p><\/div>\n<p>En una ocasi\u00f3n en que Mar\u00eda Isabel andaba preocupada porque ten\u00eda la impresi\u00f3n de que el P. Arnaiz se hab\u00eda disgustado con ellas, \u00e9ste le respondi\u00f3 una carta que, como todas las que \u00e9l les mandaba, guardar\u00eda como un tesoro; en ella les daba lo que habr\u00eda de ser el lema de las Doctrinas:<\/p>\n<p><strong><em>\u201c\u2026 Cuando me ven con pena, s\u00f3lo es por lo que usted me dice, que casi nadie busca la gloria de Dios. Y mi deseo es que hicieran cierto un lema que se me ocurr\u00eda fuera el de ustedes, opuesto a una queja de San Pablo, en este sentido, s\u00f3lo intercalando un <u>no,<\/u> que hace la proposici\u00f3n enteramente contraria: Omnes quaerunt (non) quae sua sunt, sed quae Iesu Christi\u2026 <\/em>(Todas busquen <u>no<\/u> sus intereses sino los de Jesucristo)<em>\u201d.<\/em><\/strong><\/p>\n<p>El Padre procuraba agrupar a las que se aven\u00edan mejor, pues aquello no era una comunidad religiosa, ni ten\u00edan votos ni compromiso alguno y de hecho, al cabo de un tiempo, la convivencia entre las doctrineras, vino a enturbiarse por peque\u00f1os piques y celillos entre ellas.<\/p>\n<div id=\"attachment_344\" style=\"width: 327px\" class=\"wp-caption alignleft\"><img loading=\"lazy\" decoding=\"async\" aria-describedby=\"caption-attachment-344\" class=\"wp-image-344 \" src=\"https:\/\/mdrurales.com\/web\/wp-content\/uploads\/2020\/04\/dando-clase-1-e1588606220725-300x217.jpg\" alt=\"\" width=\"317\" height=\"229\" srcset=\"https:\/\/mdrurales.com\/web\/wp-content\/uploads\/2020\/04\/dando-clase-1-e1588606220725-300x217.jpg 300w, https:\/\/mdrurales.com\/web\/wp-content\/uploads\/2020\/04\/dando-clase-1-e1588606220725-1024x741.jpg 1024w, https:\/\/mdrurales.com\/web\/wp-content\/uploads\/2020\/04\/dando-clase-1-e1588606220725-768x556.jpg 768w, https:\/\/mdrurales.com\/web\/wp-content\/uploads\/2020\/04\/dando-clase-1-e1588606220725-1536x1112.jpg 1536w, https:\/\/mdrurales.com\/web\/wp-content\/uploads\/2020\/04\/dando-clase-1-e1588606220725-2048x1482.jpg 2048w, https:\/\/mdrurales.com\/web\/wp-content\/uploads\/2020\/04\/dando-clase-1-e1588606220725-1x1.jpg 1w\" sizes=\"auto, (max-width: 317px) 100vw, 317px\" \/><p id=\"caption-attachment-344\" class=\"wp-caption-text\"><span style=\"font-size: 10pt;\">En las clases de alfabetizaci\u00f3n en una Doctrina<\/span><\/p><\/div>\n<div id=\"attachment_431\" style=\"width: 357px\" class=\"wp-caption alignright\"><img loading=\"lazy\" decoding=\"async\" aria-describedby=\"caption-attachment-431\" class=\"wp-image-431\" src=\"https:\/\/mdrurales.com\/web\/wp-content\/uploads\/2020\/05\/EL-LLANO-DE-SAN-ANTONIO-Almer\u00eda-1956-57-Capilla-construida-para-el-pueblo-300x195.jpg\" alt=\"\" width=\"347\" height=\"226\" srcset=\"https:\/\/mdrurales.com\/web\/wp-content\/uploads\/2020\/05\/EL-LLANO-DE-SAN-ANTONIO-Almer\u00eda-1956-57-Capilla-construida-para-el-pueblo-300x195.jpg 300w, https:\/\/mdrurales.com\/web\/wp-content\/uploads\/2020\/05\/EL-LLANO-DE-SAN-ANTONIO-Almer\u00eda-1956-57-Capilla-construida-para-el-pueblo-1024x666.jpg 1024w, https:\/\/mdrurales.com\/web\/wp-content\/uploads\/2020\/05\/EL-LLANO-DE-SAN-ANTONIO-Almer\u00eda-1956-57-Capilla-construida-para-el-pueblo-768x499.jpg 768w, https:\/\/mdrurales.com\/web\/wp-content\/uploads\/2020\/05\/EL-LLANO-DE-SAN-ANTONIO-Almer\u00eda-1956-57-Capilla-construida-para-el-pueblo-1536x999.jpg 1536w, https:\/\/mdrurales.com\/web\/wp-content\/uploads\/2020\/05\/EL-LLANO-DE-SAN-ANTONIO-Almer\u00eda-1956-57-Capilla-construida-para-el-pueblo-2x1.jpg 2w, https:\/\/mdrurales.com\/web\/wp-content\/uploads\/2020\/05\/EL-LLANO-DE-SAN-ANTONIO-Almer\u00eda-1956-57-Capilla-construida-para-el-pueblo.jpg 1978w\" sizes=\"auto, (max-width: 347px) 100vw, 347px\" \/><p id=\"caption-attachment-431\" class=\"wp-caption-text\"><span style=\"font-size: 10pt;\">Visita a Jes\u00fas Sacramentado despu\u00e9s de una clase<\/span><\/p><\/div>\n<p>&nbsp;<\/p>\n<p>&nbsp;<\/p>\n<p>&nbsp;<\/p>\n<p>&nbsp;<\/p>\n<p>&nbsp;<\/p>\n<p>&nbsp;<\/p>\n<p>&nbsp;<\/p>\n<p>Viendo que el papel de M\u00aa Isabel crec\u00eda a ojos vista ante el Padre, se form\u00f3 en este mundo femenino cierto alboroto y comenzaron a circular unos chismecillos como <em>\u201cque el Padre le daba muchas alas y ya ver\u00edamos si sab\u00eda obedecer tan bien como sab\u00eda mandar.<\/em> Todos estos comentarios llegaban a sus o\u00eddos tarde o temprano y la hac\u00edan sufrir, aunque por su acendrada virtud no demostraba en lo exterior que aquello la afectara. Padec\u00eda tambi\u00e9n por causa de su salud, que como siempre, no era nada buena y, adem\u00e1s, otros sufrimientos espirituales acrecentaban su cruz. Supo abrazarse a ella y en medio de esta \u00e9poca de desolaci\u00f3n quiso grabarse con un hierro candente el Nombre de Jes\u00fas\u2026 As\u00ed contestaba, el P. Arnaiz, una carta de ella:<\/p>\n<div id=\"attachment_432\" style=\"width: 301px\" class=\"wp-caption alignleft\"><img loading=\"lazy\" decoding=\"async\" aria-describedby=\"caption-attachment-432\" class=\" wp-image-432\" src=\"https:\/\/mdrurales.com\/web\/wp-content\/uploads\/2020\/05\/MI-1923-Montecorto-Leonor-y-MI-Sra-del-notario-izq-217x300.jpg\" alt=\"\" width=\"291\" height=\"402\" srcset=\"https:\/\/mdrurales.com\/web\/wp-content\/uploads\/2020\/05\/MI-1923-Montecorto-Leonor-y-MI-Sra-del-notario-izq-217x300.jpg 217w, https:\/\/mdrurales.com\/web\/wp-content\/uploads\/2020\/05\/MI-1923-Montecorto-Leonor-y-MI-Sra-del-notario-izq-742x1024.jpg 742w, https:\/\/mdrurales.com\/web\/wp-content\/uploads\/2020\/05\/MI-1923-Montecorto-Leonor-y-MI-Sra-del-notario-izq-768x1060.jpg 768w, https:\/\/mdrurales.com\/web\/wp-content\/uploads\/2020\/05\/MI-1923-Montecorto-Leonor-y-MI-Sra-del-notario-izq-1113x1536.jpg 1113w, https:\/\/mdrurales.com\/web\/wp-content\/uploads\/2020\/05\/MI-1923-Montecorto-Leonor-y-MI-Sra-del-notario-izq-1484x2048.jpg 1484w, https:\/\/mdrurales.com\/web\/wp-content\/uploads\/2020\/05\/MI-1923-Montecorto-Leonor-y-MI-Sra-del-notario-izq-1x1.jpg 1w, https:\/\/mdrurales.com\/web\/wp-content\/uploads\/2020\/05\/MI-1923-Montecorto-Leonor-y-MI-Sra-del-notario-izq.jpg 1722w\" sizes=\"auto, (max-width: 291px) 100vw, 291px\" \/><p id=\"caption-attachment-432\" class=\"wp-caption-text\"><span style=\"font-size: 10pt;\">Mar\u00eda Isabel en Montecorto-M\u00e1laga en 1923. Es la que est\u00e1 sentada a la derecha, a su lado Leonor Werner. Atr\u00e1s Rosario Merencia y Ana Mar\u00eda muyer del notario de Algodonales<\/span><\/p><\/div>\n<div id=\"attachment_328\" style=\"width: 283px\" class=\"wp-caption alignright\"><img loading=\"lazy\" decoding=\"async\" aria-describedby=\"caption-attachment-328\" class=\" wp-image-328\" src=\"https:\/\/mdrurales.com\/web\/wp-content\/uploads\/2020\/04\/Con-Mar\u00eda-Martos-una-de-sus-catequistas-205x300.jpg\" alt=\"\" width=\"273\" height=\"399\" srcset=\"https:\/\/mdrurales.com\/web\/wp-content\/uploads\/2020\/04\/Con-Mar\u00eda-Martos-una-de-sus-catequistas-205x300.jpg 205w, https:\/\/mdrurales.com\/web\/wp-content\/uploads\/2020\/04\/Con-Mar\u00eda-Martos-una-de-sus-catequistas-699x1024.jpg 699w, https:\/\/mdrurales.com\/web\/wp-content\/uploads\/2020\/04\/Con-Mar\u00eda-Martos-una-de-sus-catequistas-768x1125.jpg 768w, https:\/\/mdrurales.com\/web\/wp-content\/uploads\/2020\/04\/Con-Mar\u00eda-Martos-una-de-sus-catequistas-1049x1536.jpg 1049w, https:\/\/mdrurales.com\/web\/wp-content\/uploads\/2020\/04\/Con-Mar\u00eda-Martos-una-de-sus-catequistas-1x1.jpg 1w, https:\/\/mdrurales.com\/web\/wp-content\/uploads\/2020\/04\/Con-Mar\u00eda-Martos-una-de-sus-catequistas.jpg 1245w\" sizes=\"auto, (max-width: 273px) 100vw, 273px\" \/><p id=\"caption-attachment-328\" class=\"wp-caption-text\"><span style=\"font-size: 10pt;\">El P. Arnaiz con Mar\u00eda Martos de Ben\u00edtez, en laguna de las primeras Doctrinas Rurales<\/span><\/p><\/div>\n<p><strong><em>\u201cMucho siento cuanto me dice, por lo que la hace sufrir\u2026 Hasta que no est\u00e9 bien del todo no haga lo del JHS y no muy grande ni muy fuerte. No pida que el Se\u00f1or la lleve por ahora, antes al rev\u00e9s, que le d\u00e9 salud y vida para gloria de Dios.\u201d<\/em><\/strong><\/p>\n<p>&nbsp;<\/p>\n<p>&nbsp;<\/p>\n<p>&nbsp;<\/p>\n<p>Por la gloria de Dios pasaba por todo y segu\u00eda adelante como si nada le costase. Pero un buen d\u00eda, Mar\u00eda Isabel le dijo al Padre que \u00a0seguramente ten\u00edan raz\u00f3n sus compa\u00f1eras en lo de que no sab\u00eda obedecer y que quiz\u00e1 le conven\u00eda hacer un noviciado. Y \u00e9l que sufr\u00eda mucho tambi\u00e9n con todo esto, le contest\u00f3: <strong><em>\u201cBueno, pues ya le buscar\u00e9 yo un noviciado\u201d. <\/em><\/strong>Y con la resoluci\u00f3n propia de un santo, la mand\u00f3 a Murcia, a servir durante unos meses. No por esto amain\u00f3 la tormenta entre las que la hab\u00edan acusado pues comprend\u00edan que con ello aumentaba, m\u00e1s si cab\u00eda, la confianza del Padre en ella, como as\u00ed ocurri\u00f3.<\/p>\n<p>Mar\u00eda Isabel, despu\u00e9s de fallecido el Padre, escrib\u00eda recordando sus desvelos por todas ellas:<\/p>\n<p><span style=\"color: #800000;\"><strong>\u201c\u2026El Padre con su celo y amor de Dios hizo el milagro de infundir en algunas se\u00f1oritas el deseo de ir a vivir entre esas gentes para instruirlas. La paciencia que para organizar esas Doctrinas Rurales, tuvo que tener y lo que le dimos que hacer las que le ayudamos, no podr\u00e1 saberse hasta el d\u00eda del juicio, pero por lo poquito que ayud\u00e1bamos a la gloria de Dios todo lo sufr\u00eda con una mansedumbre y paciencia que nunca alabar\u00e9 bastante\u2026\u201d<\/strong><\/span><\/p>\n<h1 style=\"text-align: center;\"><span style=\"color: #000080;\"><strong><u><a id=\"H5\"><\/a>ARRECIAN LAS PRUEBAS<\/u><\/strong><\/span><\/h1>\n<p>Pero el 18 de julio de 1926, mor\u00eda su \u201c<strong><span style=\"color: #800000;\">Padrecito<\/span><\/strong>\u201d, como llamaba cari\u00f1osamente Mar\u00eda Isabel a su santo director. Ella trabaj\u00f3 lo indecible, junto con otros dirigidos del Padre, para que fuese enterrado en la iglesia del Sagrado Coraz\u00f3n y, a los seis d\u00edas, formaron un Patronato para promover su beatificaci\u00f3n. Mar\u00eda Isabel hizo un viaje con otra de las doctrineras, Mar\u00eda Martos, para recabar informaci\u00f3n en los lugares donde el Padre hab\u00eda ejercido su apostolado y coment\u00f3 que para promover la causa del P. Arnaiz, las Doctrinas estaban dispuestas a quedarse sin un c\u00e9ntimo.<\/p>\n<div id=\"attachment_390\" style=\"width: 666px\" class=\"wp-caption aligncenter\"><img loading=\"lazy\" decoding=\"async\" aria-describedby=\"caption-attachment-390\" class=\" wp-image-390\" src=\"https:\/\/mdrurales.com\/web\/wp-content\/uploads\/2020\/05\/5-NO-600-scaled-e1588954185680-300x185.jpg\" alt=\"\" width=\"656\" height=\"404\" srcset=\"https:\/\/mdrurales.com\/web\/wp-content\/uploads\/2020\/05\/5-NO-600-scaled-e1588954185680-300x185.jpg 300w, https:\/\/mdrurales.com\/web\/wp-content\/uploads\/2020\/05\/5-NO-600-scaled-e1588954185680-768x474.jpg 768w, https:\/\/mdrurales.com\/web\/wp-content\/uploads\/2020\/05\/5-NO-600-scaled-e1588954185680-1536x949.jpg 1536w, https:\/\/mdrurales.com\/web\/wp-content\/uploads\/2020\/05\/5-NO-600-scaled-e1588954185680-2048x1265.jpg 2048w, https:\/\/mdrurales.com\/web\/wp-content\/uploads\/2020\/05\/5-NO-600-scaled-e1588954185680-2x1.jpg 2w\" sizes=\"auto, (max-width: 656px) 100vw, 656px\" \/><p id=\"caption-attachment-390\" class=\"wp-caption-text\"><span style=\"font-size: 10pt;\">El cad\u00e1ver del P. Arnaiz estuvo tres d\u00edas expuesto, miles de fieles pasaron a venerar sus despojos. Hab\u00eda muerto en olor de santidad<\/span><\/p><\/div>\n<p>La muerte tan temprana del P. Tiburcio Arnaiz supuso para la vocaci\u00f3n de Mar\u00eda Isabel una dur\u00edsima prueba, ya que apenas hab\u00eda otras dos que como ella, se sent\u00edan llamadas a una dedicaci\u00f3n total a las Doctrinas. Las dem\u00e1s, una vez desaparecido el Padre, fueron dejando este apostolado en un goteo continuo e inexorable, unas muy pronto y otras al cabo de unos a\u00f1os.<\/p>\n<div id=\"attachment_433\" style=\"width: 595px\" class=\"wp-caption aligncenter\"><img loading=\"lazy\" decoding=\"async\" aria-describedby=\"caption-attachment-433\" class=\"wp-image-433\" src=\"https:\/\/mdrurales.com\/web\/wp-content\/uploads\/2020\/05\/en-sierra-con-padre-copado-300x214.png\" alt=\"\" width=\"585\" height=\"417\" srcset=\"https:\/\/mdrurales.com\/web\/wp-content\/uploads\/2020\/05\/en-sierra-con-padre-copado-300x214.png 300w, https:\/\/mdrurales.com\/web\/wp-content\/uploads\/2020\/05\/en-sierra-con-padre-copado-1024x732.png 1024w, https:\/\/mdrurales.com\/web\/wp-content\/uploads\/2020\/05\/en-sierra-con-padre-copado-768x549.png 768w, https:\/\/mdrurales.com\/web\/wp-content\/uploads\/2020\/05\/en-sierra-con-padre-copado-1x1.png 1w, https:\/\/mdrurales.com\/web\/wp-content\/uploads\/2020\/05\/en-sierra-con-padre-copado.png 1212w\" sizes=\"auto, (max-width: 585px) 100vw, 585px\" \/><p id=\"caption-attachment-433\" class=\"wp-caption-text\">En la Sierra de Gibralgalia, Mar\u00eda Isabel, con algunas de las que continuaron en las Doctrinas, y el P. Bernab\u00e9 Copado<\/p><\/div>\n<p>Adem\u00e1s hubo, de entre los padres jesuitas y sacerdotes diocesanos, quienes hicieron lo posible por recoger la grey dispersa del P. Tiburcio y quisieron darle forma de congregaci\u00f3n religiosa con votos, noviciado, Casa de Formaci\u00f3n, etc. Pero solo dos o tres de las catequistas se avinieron a ello y aquello no prosper\u00f3.<\/p>\n<p>Mar\u00eda Isabel continu\u00f3 el plan del P. Arnaiz y en cuanto a su direcci\u00f3n espiritual, se apoy\u00f3 en el P. Bernab\u00e9 Copado S.J., el cual, siempre respet\u00f3 las Doctrinas en su forma de ser y modo de organizarse y evangelizar, aunque dicha sea la verdad, nunca acab\u00f3 de compenetrarse del todo con Mar\u00eda Isabel. Tambi\u00e9n se vali\u00f3 mucho de los sabios consejos del anteriormente mencionado, P. Ca\u00f1ete, que tanto la apreciaba.<\/p>\n<div id=\"attachment_477\" style=\"width: 600px\" class=\"wp-caption aligncenter\"><img loading=\"lazy\" decoding=\"async\" aria-describedby=\"caption-attachment-477\" class=\"wp-image-477 \" src=\"https:\/\/mdrurales.com\/web\/wp-content\/uploads\/2020\/05\/A\u00d1OS60Trasladandoelequipaje_upscaled_illustration_x4-scaled-e1589465606533-300x284.jpg\" alt=\"\" width=\"590\" height=\"559\" srcset=\"https:\/\/mdrurales.com\/web\/wp-content\/uploads\/2020\/05\/A\u00d1OS60Trasladandoelequipaje_upscaled_illustration_x4-scaled-e1589465606533-300x284.jpg 300w, https:\/\/mdrurales.com\/web\/wp-content\/uploads\/2020\/05\/A\u00d1OS60Trasladandoelequipaje_upscaled_illustration_x4-scaled-e1589465606533-1024x970.jpg 1024w, https:\/\/mdrurales.com\/web\/wp-content\/uploads\/2020\/05\/A\u00d1OS60Trasladandoelequipaje_upscaled_illustration_x4-scaled-e1589465606533-768x728.jpg 768w, https:\/\/mdrurales.com\/web\/wp-content\/uploads\/2020\/05\/A\u00d1OS60Trasladandoelequipaje_upscaled_illustration_x4-scaled-e1589465606533-1536x1456.jpg 1536w, https:\/\/mdrurales.com\/web\/wp-content\/uploads\/2020\/05\/A\u00d1OS60Trasladandoelequipaje_upscaled_illustration_x4-scaled-e1589465606533-1x1.jpg 1w, https:\/\/mdrurales.com\/web\/wp-content\/uploads\/2020\/05\/A\u00d1OS60Trasladandoelequipaje_upscaled_illustration_x4-scaled-e1589465606533.jpg 1587w\" sizes=\"auto, (max-width: 590px) 100vw, 590px\" \/><p id=\"caption-attachment-477\" class=\"wp-caption-text\">Misioneras preparando el viaje para comenzar una Doctrina<\/p><\/div>\n<p>Pronto, muy pronto, entre las que quedaron trabajando con ella (algunas, de las primeras que ya trabajaban en los corralones de M\u00e1laga, como Emilia Werner o Concha Heredia, etc.) y bajo el consejo de estos dos Padres, espigaron de entre las cartas y consejos que recordaban del P. Arnaiz, una especie de \u201cNormas\u201d, muy escuetas, para las que quisiesen seguir en las Doctrinas, contemplando en ellas tres posibilidades: las que vivir\u00edan siempre en comunidad, entreg\u00e1ndose a ellas de por vida, como Mar\u00eda Isabel; las que\u00a0 como \u201cauxiliares\u201d continuar\u00edan yendo y viniendo a sus casas; y las que por impedimentos de familia o enfermedad, apoyar\u00edan a la Obra con sus oraciones, limosnas y sacrificios.<\/p>\n<div id=\"attachment_250\" style=\"width: 624px\" class=\"wp-caption aligncenter\"><img loading=\"lazy\" decoding=\"async\" aria-describedby=\"caption-attachment-250\" class=\"wp-image-250 \" src=\"https:\/\/mdrurales.com\/web\/wp-content\/uploads\/2020\/04\/predicando-en-Larache-e1589382650846-300x194.jpg\" alt=\"\" width=\"614\" height=\"397\" srcset=\"https:\/\/mdrurales.com\/web\/wp-content\/uploads\/2020\/04\/predicando-en-Larache-e1589382650846-300x194.jpg 300w, https:\/\/mdrurales.com\/web\/wp-content\/uploads\/2020\/04\/predicando-en-Larache-e1589382650846-1024x662.jpg 1024w, https:\/\/mdrurales.com\/web\/wp-content\/uploads\/2020\/04\/predicando-en-Larache-e1589382650846-768x496.jpg 768w, https:\/\/mdrurales.com\/web\/wp-content\/uploads\/2020\/04\/predicando-en-Larache-e1589382650846-2x1.jpg 2w, https:\/\/mdrurales.com\/web\/wp-content\/uploads\/2020\/04\/predicando-en-Larache-e1589382650846.jpg 1360w\" sizes=\"auto, (max-width: 614px) 100vw, 614px\" \/><p id=\"caption-attachment-250\" class=\"wp-caption-text\">Dando una conferencia a los hombres antes de comenzar sus trabajos<\/p><\/div>\n<p>Mar\u00eda Isabel aparec\u00eda a los ojos de todos como la \u201ccapitana\u201d de todo ello, empe\u00f1ada en una misi\u00f3n imposible, cu\u00e1nto m\u00e1s, viendo el personal con el que contaba\u2026 Y comenzaron a extenderse comentarios cada vez m\u00e1s desagradables.<\/p>\n<p>\u00c9stas y otras circunstancias adversas, adem\u00e1s de su quebrantada salud, no pudieron apagar el fuego que ard\u00eda en el interior de Mar\u00eda Isabel, y con caracteres de sangre consagr\u00f3, su propia persona y las Doctrinas, al Coraz\u00f3n de \u201csu Se\u00f1or\u201d, el Primer Viernes de octubre de 1928:<\/p>\n<div id=\"attachment_447\" style=\"width: 753px\" class=\"wp-caption aligncenter\"><img loading=\"lazy\" decoding=\"async\" aria-describedby=\"caption-attachment-447\" class=\"wp-image-447\" style=\"color: #747474; font-size: 1.4rem; font-style: inherit; font-weight: inherit;\" src=\"https:\/\/mdrurales.com\/web\/wp-content\/uploads\/2020\/05\/imprime-1200-b-r-300x101.jpg\" alt=\"\" width=\"743\" height=\"250\" srcset=\"https:\/\/mdrurales.com\/web\/wp-content\/uploads\/2020\/05\/imprime-1200-b-r-300x101.jpg 300w, https:\/\/mdrurales.com\/web\/wp-content\/uploads\/2020\/05\/imprime-1200-b-r-1024x346.jpg 1024w, https:\/\/mdrurales.com\/web\/wp-content\/uploads\/2020\/05\/imprime-1200-b-r-768x259.jpg 768w, https:\/\/mdrurales.com\/web\/wp-content\/uploads\/2020\/05\/imprime-1200-b-r-1536x518.jpg 1536w, https:\/\/mdrurales.com\/web\/wp-content\/uploads\/2020\/05\/imprime-1200-b-r-2048x691.jpg 2048w, https:\/\/mdrurales.com\/web\/wp-content\/uploads\/2020\/05\/imprime-1200-b-r-3x1.jpg 3w\" sizes=\"auto, (max-width: 743px) 100vw, 743px\" \/><p id=\"caption-attachment-447\" class=\"wp-caption-text\">P\u00e1rrafo de la Consagraci\u00f3n de Mar\u00eda Isabel escrita con su sangre<\/p><\/div>\n<p style=\"text-align: center;\"><span style=\"color: #800000;\"><strong style=\"font-size: 14px;\"><em>\u201cJHS\u00a0<\/em><\/strong><\/span><\/p>\n<p><span style=\"color: #800000;\"><strong><em>Jes\u00fas m\u00edo, amor verdadero de mi alma. Puesta de rodillas delante de Ti y en presencia de la Sant\u00edsima Trinidad, de tu Madre Pur\u00edsima y de todos los \u00c1ngeles y Santos, consagro irrevocablemente a tu Coraz\u00f3n Sant\u00edsimo las Doctrinas y todos mis trabajos. Te ruego que desde hoy te consideres su \u00fanico director y apoyo en el cielo y en la tierra, y veles por ellas ya que tu amor fue su principio. Desde hoy, Se\u00f1or, no quiero tener otra preocupaci\u00f3n que la de servirte con fidelidad, segur\u00edsima de que T\u00fa velar\u00e1s por esta Obra de tu Coraz\u00f3n. Y para que pueda demostrarte con las obras la confianza llena de cari\u00f1o que en Ti tengo, ay\u00fadame a que sufra, sin quejarme ni hablar de ello, todo lo que tenga que sufrir por seguir esta vocaci\u00f3n a la que tan sin merecerlo me llamaste y en la que me conservas a pesar de lo mal que te sirvo. Imprime con fuerza en mi coraz\u00f3n el deseo de salvar las almas como T\u00fa las salvaste, con el sufrimiento, la humillaci\u00f3n y el abandono de todos. Se\u00f1or, T\u00fa sabes que, como te quiero con todas las fuerzas de mi ser, quiero ir por el mismo camino que T\u00fa y muy cerca de Ti, pero que no tengo fuerzas. Desde hoy m\u00e9teme en tu Coraz\u00f3n Divino y as\u00ed tendr\u00e9 fuerza y luz y alegr\u00eda al saberme tan unida a Ti. <\/em><\/strong><\/span><\/p>\n<p><span style=\"color: #800000;\"><strong><em>A Ti me entrego y mis trabajos, y escribo y firmo esta consagraci\u00f3n con mi sangre, pues en ella llevo el amor y la confianza que tengo en Ti. Coraz\u00f3n de mi Se\u00f1or, de tu amor lo espero todo.<\/em><\/strong><\/span><\/p>\n<p style=\"text-align: right;\"><span style=\"color: #800000;\"><strong><em>&#8211; Mar\u00eda Isabel -\u201d<\/em><\/strong><\/span><\/p>\n<p>En 1929 nombraron al P. Copado superior de la Residencia de Jerez, entonces archidi\u00f3cesis de Sevilla. Mar\u00eda Isabel alquil\u00f3 una casita en esta ciudad y traslad\u00f3 all\u00ed su sede de operaciones. El Cardenal Ilund\u00e1in las motejaba cari\u00f1osamente con el apelativo de \u201cmis gitanas\u201d, por la vida trashumante que llevaban, cambiando cada temporada de lugar, con su \u201ccasina a cuestas\u201d, tal como el Se\u00f1or hab\u00eda inspirado a Mar\u00eda Isabel al principio de su conversi\u00f3n.<\/p>\n<p>Durante esos a\u00f1os, desde que muri\u00f3 el P. Arnaiz, aparte de varias misiones preparadas por ellas, pusieron Doctrinas en: Barranco del Sol, La Cala de Mijas y Media Legua (M\u00e1laga), El \u00c1lamo, Tahivilla, Espartinas , La Salada, El Loro, El Cuervo, Arcos y el barrio de la Plata en Jerez, (Sevilla), La Mora, el Barrio de la Jarana, Cu\u00e9llar y la Polvorilla (C\u00e1diz).<\/p>\n<h1 style=\"text-align: center;\"><span style=\"color: #000080;\"><strong><u><a id=\"H6\"><\/a>CONSOLIDACI\u00d3N DE LA OBRA<\/u><\/strong><\/span><\/h1>\n<p>Llegaron para\u00a0 Espa\u00f1a\u00a0 tiempos dif\u00edciles y revueltos con la Segunda Rep\u00fablica, y era fundado el p\u00e1nico de los que consideraban una imprudencia su apostolado y exponer, as\u00ed, la vida de aquella exigua comunidad. El P. Copado era de este parecer, por eso, permanecieron en la casita de Jerez haciendo algunos apostolados entre la gente humilde de las periferias. Al cabo de un a\u00f1o, sin poder salir a trabajar por estos temores, a pesar de lo enferma que se encontraba, en el A\u00f1o Santo de la Redenci\u00f3n, Mar\u00eda Isabel tom\u00f3 la resoluci\u00f3n de hacer un viaje a Roma para consultar y ver cu\u00e1l era la voluntad de Dios. El P. Copado accedi\u00f3 al fin a darle el permiso, pero sin entusiasmo ninguno y m\u00e1s bien contrariado.<\/p>\n<div id=\"attachment_295\" style=\"width: 338px\" class=\"wp-caption alignleft\"><img loading=\"lazy\" decoding=\"async\" aria-describedby=\"caption-attachment-295\" class=\"wp-image-295 \" src=\"https:\/\/mdrurales.com\/web\/wp-content\/uploads\/2020\/05\/P.-Segarra-1-scaled-e1589383703324-242x300.jpg\" alt=\"\" width=\"328\" height=\"406\" srcset=\"https:\/\/mdrurales.com\/web\/wp-content\/uploads\/2020\/05\/P.-Segarra-1-scaled-e1589383703324-242x300.jpg 242w, https:\/\/mdrurales.com\/web\/wp-content\/uploads\/2020\/05\/P.-Segarra-1-scaled-e1589383703324-768x954.jpg 768w, https:\/\/mdrurales.com\/web\/wp-content\/uploads\/2020\/05\/P.-Segarra-1-scaled-e1589383703324-1237x1536.jpg 1237w, https:\/\/mdrurales.com\/web\/wp-content\/uploads\/2020\/05\/P.-Segarra-1-scaled-e1589383703324-1x1.jpg 1w, https:\/\/mdrurales.com\/web\/wp-content\/uploads\/2020\/05\/P.-Segarra-1-scaled-e1589383703324.jpg 1504w\" sizes=\"auto, (max-width: 328px) 100vw, 328px\" \/><p id=\"caption-attachment-295\" class=\"wp-caption-text\">P. Juan Antonio Segarra, \u00faltimo director espiritual de Mar\u00eda Isabel<\/p><\/div>\n<div id=\"attachment_231\" style=\"width: 328px\" class=\"wp-caption alignright\"><img loading=\"lazy\" decoding=\"async\" aria-describedby=\"caption-attachment-231\" class=\"wp-image-231 \" src=\"https:\/\/mdrurales.com\/web\/wp-content\/uploads\/2020\/04\/MI-1933-copia-del-pasaport-227x300.jpg\" alt=\"\" width=\"318\" height=\"420\" srcset=\"https:\/\/mdrurales.com\/web\/wp-content\/uploads\/2020\/04\/MI-1933-copia-del-pasaport-227x300.jpg 227w, https:\/\/mdrurales.com\/web\/wp-content\/uploads\/2020\/04\/MI-1933-copia-del-pasaport-774x1024.jpg 774w, https:\/\/mdrurales.com\/web\/wp-content\/uploads\/2020\/04\/MI-1933-copia-del-pasaport-768x1016.jpg 768w, https:\/\/mdrurales.com\/web\/wp-content\/uploads\/2020\/04\/MI-1933-copia-del-pasaport-1161x1536.jpg 1161w, https:\/\/mdrurales.com\/web\/wp-content\/uploads\/2020\/04\/MI-1933-copia-del-pasaport-1548x2048.jpg 1548w, https:\/\/mdrurales.com\/web\/wp-content\/uploads\/2020\/04\/MI-1933-copia-del-pasaport-1x1.jpg 1w, https:\/\/mdrurales.com\/web\/wp-content\/uploads\/2020\/04\/MI-1933-copia-del-pasaport-scaled.jpg 1934w\" sizes=\"auto, (max-width: 318px) 100vw, 318px\" \/><p id=\"caption-attachment-231\" class=\"wp-caption-text\">Mar\u00eda Isabel<\/p><\/div>\n<p>&nbsp;<\/p>\n<p>&nbsp;<\/p>\n<p>&nbsp;<\/p>\n<p>&nbsp;<\/p>\n<p>&nbsp;<\/p>\n<p>&nbsp;<\/p>\n<p>&nbsp;<\/p>\n<p>&nbsp;<\/p>\n<p>&nbsp;<\/p>\n<p>&nbsp;<\/p>\n<p>&nbsp;<\/p>\n<p>All\u00ed estaba desterrado el cardenal Segura que conoc\u00eda a Mar\u00eda Isabel y a su familia. \u00c9ste las hab\u00eda animado a hacer el viaje y las acogi\u00f3 paternalmente. Les dijo que, si los primeros cristianos se hubiesen negado a evangelizar por temor a lo que les pudiese ocurrir, no se hubiese extendido la fe, as\u00ed que continuasen sin miedo, fiadas de Dios. El Cardenal, dijo a\u00f1os despu\u00e9s, ya fallecida Mar\u00eda Isabel, que <em>\u201cno hab\u00eda conocido alma m\u00e1s heroica que la de ella\u201d.<\/em><\/p>\n<div id=\"attachment_451\" style=\"width: 215px\" class=\"wp-caption alignleft\"><img loading=\"lazy\" decoding=\"async\" aria-describedby=\"caption-attachment-451\" class=\" wp-image-451\" src=\"https:\/\/mdrurales.com\/web\/wp-content\/uploads\/2020\/05\/Pasaporte-Lourdes33-216x300.jpg\" alt=\"\" width=\"205\" height=\"284\" srcset=\"https:\/\/mdrurales.com\/web\/wp-content\/uploads\/2020\/05\/Pasaporte-Lourdes33-216x300.jpg 216w, https:\/\/mdrurales.com\/web\/wp-content\/uploads\/2020\/05\/Pasaporte-Lourdes33-736x1024.jpg 736w, https:\/\/mdrurales.com\/web\/wp-content\/uploads\/2020\/05\/Pasaporte-Lourdes33-768x1069.jpg 768w, https:\/\/mdrurales.com\/web\/wp-content\/uploads\/2020\/05\/Pasaporte-Lourdes33-1x1.jpg 1w, https:\/\/mdrurales.com\/web\/wp-content\/uploads\/2020\/05\/Pasaporte-Lourdes33.jpg 809w\" sizes=\"auto, (max-width: 205px) 100vw, 205px\" \/><p id=\"caption-attachment-451\" class=\"wp-caption-text\">Lourdes Werner<\/p><\/div>\n<div id=\"attachment_450\" style=\"width: 210px\" class=\"wp-caption alignright\"><img loading=\"lazy\" decoding=\"async\" aria-describedby=\"caption-attachment-450\" class=\" wp-image-450\" src=\"https:\/\/mdrurales.com\/web\/wp-content\/uploads\/2020\/05\/Pasaporte-C-Pineda33-212x300.jpg\" alt=\"\" width=\"200\" height=\"283\" srcset=\"https:\/\/mdrurales.com\/web\/wp-content\/uploads\/2020\/05\/Pasaporte-C-Pineda33-212x300.jpg 212w, https:\/\/mdrurales.com\/web\/wp-content\/uploads\/2020\/05\/Pasaporte-C-Pineda33-723x1024.jpg 723w, https:\/\/mdrurales.com\/web\/wp-content\/uploads\/2020\/05\/Pasaporte-C-Pineda33-768x1088.jpg 768w, https:\/\/mdrurales.com\/web\/wp-content\/uploads\/2020\/05\/Pasaporte-C-Pineda33-1x1.jpg 1w, https:\/\/mdrurales.com\/web\/wp-content\/uploads\/2020\/05\/Pasaporte-C-Pineda33.jpg 791w\" sizes=\"auto, (max-width: 200px) 100vw, 200px\" \/><p id=\"caption-attachment-450\" class=\"wp-caption-text\">Carmen Pineda<\/p><\/div>\n<div id=\"attachment_449\" style=\"width: 228px\" class=\"wp-caption alignleft\"><img loading=\"lazy\" decoding=\"async\" aria-describedby=\"caption-attachment-449\" class=\" wp-image-449\" src=\"https:\/\/mdrurales.com\/web\/wp-content\/uploads\/2020\/05\/Pasaporte-Blanca33-235x300.jpg\" alt=\"\" width=\"218\" height=\"279\" srcset=\"https:\/\/mdrurales.com\/web\/wp-content\/uploads\/2020\/05\/Pasaporte-Blanca33-235x300.jpg 235w, https:\/\/mdrurales.com\/web\/wp-content\/uploads\/2020\/05\/Pasaporte-Blanca33-800x1024.jpg 800w, https:\/\/mdrurales.com\/web\/wp-content\/uploads\/2020\/05\/Pasaporte-Blanca33-768x982.jpg 768w, https:\/\/mdrurales.com\/web\/wp-content\/uploads\/2020\/05\/Pasaporte-Blanca33-1x1.jpg 1w, https:\/\/mdrurales.com\/web\/wp-content\/uploads\/2020\/05\/Pasaporte-Blanca33.jpg 813w\" sizes=\"auto, (max-width: 218px) 100vw, 218px\" \/><p id=\"caption-attachment-449\" class=\"wp-caption-text\">Blanca Werner\u00a0 &#8211;\u00a0 Grupo que en Roma entroniz\u00f3 el Coraz\u00f3n de Jes\u00fas en su propio coraz\u00f3n<\/p><\/div>\n<p>&nbsp;<\/p>\n<p>&nbsp;<\/p>\n<p>&nbsp;<\/p>\n<p>&nbsp;<\/p>\n<p>&nbsp;<\/p>\n<p>&nbsp;<\/p>\n<p>&nbsp;<\/p>\n<p>&nbsp;<\/p>\n<p>&nbsp;<\/p>\n<p>Tambi\u00e9n conoci\u00f3 en la Ciudad Eterna al que hab\u00eda de ser, a partir de entonces, su nuevo director, el P. Juan Antonio Segarra S.J. Este santo jesuita, despu\u00e9s de tratarla apenas unas horas, se sinti\u00f3 compenetrado con ella y con el esp\u00edritu de las Doctrinas, y Mar\u00eda Isabel, al cabo de unos d\u00edas, llena de agradecimiento exclamaba: <span style=\"color: #800000;\"><strong><em>\u00abYo cre\u00ed que al morir el padre Arnaiz, el Se\u00f1or rompi\u00f3 el molde; y resulta que me lo devuelve ciendoblado\u00bb<\/em><\/strong><em>.<\/em><\/span> El P. Juan Antonio Segarra les predic\u00f3 un retiro durante este tiempo que pasaron en Roma, que culmin\u00f3 con la entronizaci\u00f3n del Coraz\u00f3n de Jes\u00fas en el coraz\u00f3n de cada misionera, y as\u00ed este peque\u00f1o grupo, que hab\u00eda perseverado junto a Mar\u00eda Isabel, consolidaba la nueva Obra Misionera. Era el 25 de marzo de 1933.<\/p>\n<p>La entronizaci\u00f3n llev\u00f3 a Mar\u00eda Isabel a la plena identificaci\u00f3n con Cristo. En una de sus cartas al P. Segarra le comentaba:<\/p>\n<p><span style=\"color: #800000;\"><strong><em><img loading=\"lazy\" decoding=\"async\" class=\" wp-image-452 alignleft\" src=\"https:\/\/mdrurales.com\/web\/wp-content\/uploads\/2020\/05\/sagrado-corazon-de-jesus-portada-1-300x165.jpg\" alt=\"\" width=\"362\" height=\"199\" srcset=\"https:\/\/mdrurales.com\/web\/wp-content\/uploads\/2020\/05\/sagrado-corazon-de-jesus-portada-1-300x165.jpg 300w, https:\/\/mdrurales.com\/web\/wp-content\/uploads\/2020\/05\/sagrado-corazon-de-jesus-portada-1-2x1.jpg 2w, https:\/\/mdrurales.com\/web\/wp-content\/uploads\/2020\/05\/sagrado-corazon-de-jesus-portada-1.jpg 617w\" sizes=\"auto, (max-width: 362px) 100vw, 362px\" \/>\u00abToda la pr\u00e1ctica de la entronizaci\u00f3n consiste en hacer la voluntad de Dios, en servirle. Al hacer la entronizaci\u00f3n nos incorporamos a Cristo, es decir ya estamos desde el Bautismo, pero entonces apretamos m\u00e1s esa uni\u00f3n y nos metemos conscientemente en la Vida divina. \u00bfC\u00f3mo servir si se forma ya una sola cosa con el Se\u00f1or, y el amor hace que no se tenga m\u00e1s que una sola voluntad? Del Se\u00f1or no puedo entender que sea el \u2018Gran Siervo\u2019. Porque la voluntad del Padre cumplida por \u00c9l con tanto Amor, con el mismo Amor, \u00bfc\u00f3mo va a ser servicio? Yo no s\u00e9 si estar\u00e9 siendo un poquillo hereje porque me met\u00ed de tal manera en mi Se\u00f1or que conscientemente es como si no existiera; y, seg\u00fan pasa el tiempo, hasta inconscientemente voy perdiendo mi personalidad. Antes estaba llena de deseos de ser santa, de trabajar, de sufrir&#8230; ahora no tengo ni uno; y es en lo que no s\u00e9 si ser\u00e9 hereje. Porque me parece que soy miembro de Cristo y que un miembro no tiene deseos ni nada. Eso es cuenta del Coraz\u00f3n, y el miembro s\u00f3lo tiene que obedecer al alma (Esp\u00edritu Santo) o al Coraz\u00f3n. S\u00f3lo estar unida al Amor para amar. Pero ni m\u00e1s amor deseo. \u00bfNo tengo al Amor por Coraz\u00f3n? Pues no puedo amar m\u00e1s. A m\u00ed me va muy bien uni\u00e9ndome y apret\u00e1ndome al Se\u00f1or, queriendo con su Coraz\u00f3n al Padre y no acord\u00e1ndome ni de que existo. Y ahora caigo en la cuenta de que no es herej\u00eda porque \u2018\u00a1es Cristo quien vive en m\u00ed!\u2019. As\u00ed sea\u201d<\/em><\/strong><\/span><\/p>\n<p>Al volver de Roma, siguiendo las indicaciones del Cardenal Segura, se instalaron en Barcelona. \u00c9l mismo les dijo que las recomendar\u00eda al Doctor Irurita, obispo de dicha di\u00f3cesis. Durante el tiempo en que trabajaron all\u00ed, Irurita pudo admirar el valor y la pobreza en la que viv\u00edan. Una vez fue en persona a visitarlas, y arrodillado junto al lecho de Mar\u00eda Isabel, impetr\u00f3 del Se\u00f1or su curaci\u00f3n, ya que por aquella \u00e9poca era raro el d\u00eda que no hubiese de guardar cama. Su secretario sali\u00f3 de la visita diciendo que aquello era \u201cun esc\u00e1ndalo\u201d (en el mejor sentido de la palabra), y el obispo m\u00e1rtir las llamaba \u201clas locas de Jes\u00fas\u201d.<\/p>\n<div id=\"attachment_453\" style=\"width: 641px\" class=\"wp-caption aligncenter\"><img loading=\"lazy\" decoding=\"async\" aria-describedby=\"caption-attachment-453\" class=\"wp-image-453 \" src=\"https:\/\/mdrurales.com\/web\/wp-content\/uploads\/2020\/05\/PELEGR\u00cd-Barcelona-1934-35-F11-P.-Arbona-con-la-junta-de-luises-e1589385431756-300x197.jpg\" alt=\"\" width=\"631\" height=\"414\" srcset=\"https:\/\/mdrurales.com\/web\/wp-content\/uploads\/2020\/05\/PELEGR\u00cd-Barcelona-1934-35-F11-P.-Arbona-con-la-junta-de-luises-e1589385431756-300x197.jpg 300w, https:\/\/mdrurales.com\/web\/wp-content\/uploads\/2020\/05\/PELEGR\u00cd-Barcelona-1934-35-F11-P.-Arbona-con-la-junta-de-luises-e1589385431756-1024x672.jpg 1024w, https:\/\/mdrurales.com\/web\/wp-content\/uploads\/2020\/05\/PELEGR\u00cd-Barcelona-1934-35-F11-P.-Arbona-con-la-junta-de-luises-e1589385431756-768x504.jpg 768w, https:\/\/mdrurales.com\/web\/wp-content\/uploads\/2020\/05\/PELEGR\u00cd-Barcelona-1934-35-F11-P.-Arbona-con-la-junta-de-luises-e1589385431756-2x1.jpg 2w, https:\/\/mdrurales.com\/web\/wp-content\/uploads\/2020\/05\/PELEGR\u00cd-Barcelona-1934-35-F11-P.-Arbona-con-la-junta-de-luises-e1589385431756.jpg 1375w\" sizes=\"auto, (max-width: 631px) 100vw, 631px\" \/><p id=\"caption-attachment-453\" class=\"wp-caption-text\">Alumnos de las Misioneras en Pelegr\u00ed (Barcelona), con el P. Arbona S.J. gran amigo y colaborador en todos sus apostolados<\/p><\/div>\n<p>Estuvieron trabajando en el Bogatell, San Adri\u00e1n de Bes\u00f3s y Pelegr\u00ed, en zonas muy deprimidas, donde todav\u00eda no hab\u00edan sido creadas las parroquias.<\/p>\n<p>En aquellas circunstancias y tiempos, estos barrios eran verdaderos \u201cpolvorines\u201d, pues sus gentes estaban muy castigadas,\u00a0 viv\u00edan en extrema pobreza y sumidos en la mayor ignorancia, por lo que las propagandas pol\u00edticas revolucionarias hac\u00edan su agosto entre ellos. M\u00e1s de una vez hubieron de clausurar las clases por amenazas de bombas o cosas semejantes.<\/p>\n<p>Lourdes Werner recordaba: \u201c<em>Viv\u00edamos en una casucha medio destruida de una f\u00e1brica en ruinas\u2026 Una noche, dos que dorm\u00edamos en un gallinerito que ten\u00eda comunicaci\u00f3n con la casa, o\u00edmos voces y al mirar por la ventana vimos unos cuantos hombres con una luz dentro mismo del patio. Muertas de susto acudimos a Mar\u00eda Isabel, \u00e9sta nos hizo guardar silencio y acostarnos en seguida, para no alarmar a las dem\u00e1s y con una autoridad tan grande, que no pudimos ni irnos a la capilla a esperar el resultado de lo que nos quisieran hacer, y es que ve\u00eda de mayor importancia, que lo que materialmente pudiera ocurrir, el que alguna juzgase, por aquel peligro, que deb\u00edamos abandonar aquella Doctrina. Nos dijo que serv\u00edamos a Dios y que si nos ocurr\u00eda algo, es que era esa su voluntad. Dios realmente vel\u00f3 por nosotras, pues aunque a nada bueno deb\u00edan venir aquellos hombres, se fueron sin que nada ocurriese\u2026\u201d<\/em>.<\/p>\n<div id=\"attachment_455\" style=\"width: 265px\" class=\"wp-caption alignleft\"><img loading=\"lazy\" decoding=\"async\" aria-describedby=\"caption-attachment-455\" class=\"wp-image-455 \" src=\"https:\/\/mdrurales.com\/web\/wp-content\/uploads\/2020\/05\/VILLA-NUEVA-DE-LAS-MINAS-Sevilla-1935-F2-1\u00aaComuni\u00f3n-del-24-12-scaled-e1589385604837-230x300.jpg\" alt=\"\" width=\"255\" height=\"333\" srcset=\"https:\/\/mdrurales.com\/web\/wp-content\/uploads\/2020\/05\/VILLA-NUEVA-DE-LAS-MINAS-Sevilla-1935-F2-1\u00aaComuni\u00f3n-del-24-12-scaled-e1589385604837-230x300.jpg 230w, https:\/\/mdrurales.com\/web\/wp-content\/uploads\/2020\/05\/VILLA-NUEVA-DE-LAS-MINAS-Sevilla-1935-F2-1\u00aaComuni\u00f3n-del-24-12-scaled-e1589385604837-787x1024.jpg 787w, https:\/\/mdrurales.com\/web\/wp-content\/uploads\/2020\/05\/VILLA-NUEVA-DE-LAS-MINAS-Sevilla-1935-F2-1\u00aaComuni\u00f3n-del-24-12-scaled-e1589385604837-768x1000.jpg 768w, https:\/\/mdrurales.com\/web\/wp-content\/uploads\/2020\/05\/VILLA-NUEVA-DE-LAS-MINAS-Sevilla-1935-F2-1\u00aaComuni\u00f3n-del-24-12-scaled-e1589385604837-1180x1536.jpg 1180w, https:\/\/mdrurales.com\/web\/wp-content\/uploads\/2020\/05\/VILLA-NUEVA-DE-LAS-MINAS-Sevilla-1935-F2-1\u00aaComuni\u00f3n-del-24-12-scaled-e1589385604837-1x1.jpg 1w, https:\/\/mdrurales.com\/web\/wp-content\/uploads\/2020\/05\/VILLA-NUEVA-DE-LAS-MINAS-Sevilla-1935-F2-1\u00aaComuni\u00f3n-del-24-12-scaled-e1589385604837.jpg 1568w\" sizes=\"auto, (max-width: 255px) 100vw, 255px\" \/><p id=\"caption-attachment-455\" class=\"wp-caption-text\"><span style=\"font-size: 10pt;\">Ni\u00f1as de Primera Comuni\u00f3n de la Doctrina de Villanueva de las Minas (Sevilla), 1935<\/span><\/p><\/div>\n<div id=\"attachment_454\" style=\"width: 260px\" class=\"wp-caption alignright\"><img loading=\"lazy\" decoding=\"async\" aria-describedby=\"caption-attachment-454\" class=\"wp-image-454 \" src=\"https:\/\/mdrurales.com\/web\/wp-content\/uploads\/2020\/05\/TARRAGONA-Capilla-misioneras-e1589385644670-224x300.jpg\" alt=\"\" width=\"250\" height=\"335\" srcset=\"https:\/\/mdrurales.com\/web\/wp-content\/uploads\/2020\/05\/TARRAGONA-Capilla-misioneras-e1589385644670-224x300.jpg 224w, https:\/\/mdrurales.com\/web\/wp-content\/uploads\/2020\/05\/TARRAGONA-Capilla-misioneras-e1589385644670-766x1024.jpg 766w, https:\/\/mdrurales.com\/web\/wp-content\/uploads\/2020\/05\/TARRAGONA-Capilla-misioneras-e1589385644670-768x1027.jpg 768w, https:\/\/mdrurales.com\/web\/wp-content\/uploads\/2020\/05\/TARRAGONA-Capilla-misioneras-e1589385644670-1149x1536.jpg 1149w, https:\/\/mdrurales.com\/web\/wp-content\/uploads\/2020\/05\/TARRAGONA-Capilla-misioneras-e1589385644670-1x1.jpg 1w, https:\/\/mdrurales.com\/web\/wp-content\/uploads\/2020\/05\/TARRAGONA-Capilla-misioneras-e1589385644670.jpg 1512w\" sizes=\"auto, (max-width: 250px) 100vw, 250px\" \/><p id=\"caption-attachment-454\" class=\"wp-caption-text\"><span style=\"font-size: 10pt;\">Capilla de las Misioneras<\/span><\/p><\/div>\n<p>Como muy bien dec\u00eda Lourdes, Dios en su providencia vel\u00f3 por aquel peque\u00f1o reba\u00f1o del P. Arnaiz. El cardenal Ilund\u00e1in las reclamaba para la di\u00f3cesis hispalense desde que se hab\u00edan ausentado de ella, y Mar\u00eda Isabel decidi\u00f3 satisfacer su petici\u00f3n en el verano de\u00a0 1935, por lo que, dejando sus cosas en Barcelona para volver despu\u00e9s, pusieron rumbo a Sevilla, a Villanueva de las Minas, lugar que les hab\u00eda indicado el mismo Prelado.<\/p>\n<p>Si las barriadas de Barcelona eran un polvor\u00edn, su nuevo destino no lo era menos. De hecho, ya en febrero de 1936, hubieron de salir de hurtadillas al terminar la misi\u00f3n que organizaron y que predic\u00f3 el P. Garc\u00eda Alonso S.J., en la que unos cincuenta mineros, entusiasmados despu\u00e9s de la Comuni\u00f3n general, recorrieron las calles del pueblo cantando \u201cCoraz\u00f3n Santo\u201d y otros himnos semejantes, referentes al reinado de Cristo. Eran las v\u00edsperas de las famosas elecciones del Frente Popular.<\/p>\n<div id=\"attachment_478\" style=\"width: 601px\" class=\"wp-caption aligncenter\"><img loading=\"lazy\" decoding=\"async\" aria-describedby=\"caption-attachment-478\" class=\"wp-image-478 \" src=\"https:\/\/mdrurales.com\/web\/wp-content\/uploads\/2020\/05\/VILLA-NUEVA-DE-LAS-MINAS-Sevilla-1935-F5-J\u00f3venes-que-tomaron-parte-en-l-fiesta-del-8-12-a-scaled-e1589465819221-300x206.jpg\" alt=\"\" width=\"591\" height=\"405\" srcset=\"https:\/\/mdrurales.com\/web\/wp-content\/uploads\/2020\/05\/VILLA-NUEVA-DE-LAS-MINAS-Sevilla-1935-F5-J\u00f3venes-que-tomaron-parte-en-l-fiesta-del-8-12-a-scaled-e1589465819221-300x206.jpg 300w, https:\/\/mdrurales.com\/web\/wp-content\/uploads\/2020\/05\/VILLA-NUEVA-DE-LAS-MINAS-Sevilla-1935-F5-J\u00f3venes-que-tomaron-parte-en-l-fiesta-del-8-12-a-scaled-e1589465819221-1024x703.jpg 1024w, https:\/\/mdrurales.com\/web\/wp-content\/uploads\/2020\/05\/VILLA-NUEVA-DE-LAS-MINAS-Sevilla-1935-F5-J\u00f3venes-que-tomaron-parte-en-l-fiesta-del-8-12-a-scaled-e1589465819221-768x527.jpg 768w, https:\/\/mdrurales.com\/web\/wp-content\/uploads\/2020\/05\/VILLA-NUEVA-DE-LAS-MINAS-Sevilla-1935-F5-J\u00f3venes-que-tomaron-parte-en-l-fiesta-del-8-12-a-scaled-e1589465819221-1536x1055.jpg 1536w, https:\/\/mdrurales.com\/web\/wp-content\/uploads\/2020\/05\/VILLA-NUEVA-DE-LAS-MINAS-Sevilla-1935-F5-J\u00f3venes-que-tomaron-parte-en-l-fiesta-del-8-12-a-scaled-e1589465819221-2048x1406.jpg 2048w, https:\/\/mdrurales.com\/web\/wp-content\/uploads\/2020\/05\/VILLA-NUEVA-DE-LAS-MINAS-Sevilla-1935-F5-J\u00f3venes-que-tomaron-parte-en-l-fiesta-del-8-12-a-scaled-e1589465819221-1x1.jpg 1w\" sizes=\"auto, (max-width: 591px) 100vw, 591px\" \/><p id=\"caption-attachment-478\" class=\"wp-caption-text\">Alumnos de las Misioneras en Villanueva de las Minas, celebrando el d\u00eda de la Inmaculada<\/p><\/div>\n<p>Hab\u00edan salido de Villanueva por prudencia, pues despu\u00e9s de este acontecimiento recibieron algunos \u201cavisos\u201d, y ten\u00edan intenci\u00f3n de regresar, una vez pasadas las elecciones, a terminar sus labores apost\u00f3licas, sin embargo los acontecimientos se precipitaron. Los disturbios, muertes, quemas y asaltos de iglesias llevados a cabo por fuerzas revolucionarias, fueron continuos durante esos meses, hasta el 18 de julio, fecha en que se produjo el levantamiento militar.<\/p>\n<p>Al sorprenderlas en Jerez, all\u00ed permanecieron durante toda la contienda, ofreciendo al Se\u00f1or sus padecimientos por la salvaci\u00f3n de Espa\u00f1a y el triunfo del reinado del Sagrado Coraz\u00f3n.<\/p>\n<h1 style=\"text-align: center;\"><span style=\"color: #000080;\"><strong><u><a id=\"H7\"><\/a>\u00daLTIMOS A\u00d1OS Y MUERTE<\/u><\/strong><\/span><\/h1>\n<div id=\"attachment_237\" style=\"width: 262px\" class=\"wp-caption alignleft\"><img loading=\"lazy\" decoding=\"async\" aria-describedby=\"caption-attachment-237\" class=\"wp-image-237 \" src=\"https:\/\/mdrurales.com\/web\/wp-content\/uploads\/2020\/04\/MI-1934-Octubre-Oviedo-Calle-Leopoldo-Alas-Con-su-sobrina-MDolores-228x300.jpg\" alt=\"\" width=\"252\" height=\"332\" srcset=\"https:\/\/mdrurales.com\/web\/wp-content\/uploads\/2020\/04\/MI-1934-Octubre-Oviedo-Calle-Leopoldo-Alas-Con-su-sobrina-MDolores-228x300.jpg 228w, https:\/\/mdrurales.com\/web\/wp-content\/uploads\/2020\/04\/MI-1934-Octubre-Oviedo-Calle-Leopoldo-Alas-Con-su-sobrina-MDolores-779x1024.jpg 779w, https:\/\/mdrurales.com\/web\/wp-content\/uploads\/2020\/04\/MI-1934-Octubre-Oviedo-Calle-Leopoldo-Alas-Con-su-sobrina-MDolores-768x1010.jpg 768w, https:\/\/mdrurales.com\/web\/wp-content\/uploads\/2020\/04\/MI-1934-Octubre-Oviedo-Calle-Leopoldo-Alas-Con-su-sobrina-MDolores-1x1.jpg 1w, https:\/\/mdrurales.com\/web\/wp-content\/uploads\/2020\/04\/MI-1934-Octubre-Oviedo-Calle-Leopoldo-Alas-Con-su-sobrina-MDolores.jpg 901w\" sizes=\"auto, (max-width: 252px) 100vw, 252px\" \/><p id=\"caption-attachment-237\" class=\"wp-caption-text\">Debido a su enfermedad, pasaba muchos ratos en la cama, aqu\u00ed est\u00e1 con Mar\u00eda Dolores, una sobrina, hija de su hermano Jos\u00e9 Mar\u00eda<\/p><\/div>\n<p>Ya hac\u00eda algunos a\u00f1os que Mar\u00eda Isabel\u00a0 soportaba un c\u00e1ncer muy doloroso, que le hac\u00eda guardar cama casi continuamente. Aun as\u00ed nunca dej\u00f3 por ello de acudir a los diversos lugares de apostolado y desde su lecho alentaba y dirig\u00eda las Doctrinas. Algunos p\u00e1rrafos entresacados de sus cartas nos dan a conocer el estado interior de su alma durante esta etapa:<\/p>\n<p><span style=\"color: #800000;\"><strong><em>\u00abVivamos nada m\u00e1s que para \u00c9l, para sufrir y hacer redenci\u00f3n con \u00c9l, para decir a todos el Padre que tenemos\u00bb.<\/em><\/strong><\/span><\/p>\n<p><span style=\"color: #800000;\"><strong><em>\u00abEstoy hecha una piltrafa de cuerpo, de alma, en lo material, en lo espiritual. Es como una ola negra, fr\u00eda que lo invade todo con una fuerza incre\u00edble. Dios quiera que en todo esto no haya nada de ofensa suya. Todo lo que pidan por m\u00ed me parece poco\u00bb.<\/em><\/strong><\/span><\/p>\n<p><span style=\"color: #800000;\"><strong><em>\u00abEsta ma\u00f1ana despu\u00e9s de comulgar y durante toda la ma\u00f1ana, que pude casi toda, estar sola con el Se\u00f1or, sent\u00eda el deseo y la<\/em><\/strong><em> <strong>necesidad de que Dios me poseyese toda, que me consumiese el Amor entera, en cuerpo y alma, en holocausto de amor\u00bb.<\/strong><\/em><\/span><\/p>\n<p><span style=\"color: #800000;\"><strong><em>\u00abQu\u00e9 vendr\u00e1 despu\u00e9s de esto, no lo s\u00e9; pero unida a mi Esposo de sangre (que lo quiero as\u00ed) y en brazos de mi Padre Celestial, nada temo\u00bb.<\/em><\/strong><\/span><\/p>\n<p><span style=\"color: #800000;\"><strong><em>\u00abYo me quedo en la cama con mi crucifijo apretado al coraz\u00f3n, bes\u00e1ndolo de vez en cuando y sin poder calentar mi coraz\u00f3n chico que cada d\u00eda est\u00e1 m\u00e1s arrugado y asquerosillo. El de mi Se\u00f1or, cuando puedo actuarme en la incorporaci\u00f3n (que algunas veces me resulta imposible) est\u00e1 hecho un sol y disfruto de que haya un Coraz\u00f3n que quiera a mi Padre Celestial como me gustar\u00eda quererlo. Si no fuera por trabajar por las almas y poder sufrir algo por el Se\u00f1or, \u00a1qu\u00e9 ganas tendr\u00eda de estar ya en la Patria!\u00bb<\/em><\/strong><\/span><\/p>\n<p>Los sufrimientos tan intensos, y las incomprensiones que la rodeaban, santificaron en poco tiempo su alma noble y generosa.<\/p>\n<p>El P. Castro, su primer director y testigo de la conversi\u00f3n de Mar\u00eda Isabel en aquellos Ejercicios de 1920, declar\u00f3:<\/p>\n<p><em>\u201cAl volver de las Islas <\/em>(hab\u00eda estado en las Islas Carolinas)<em> este a\u00f1o de 1937, en enero, al verla, he de confesar encontrarla muy santa y entregada a la divina voluntad de un modo no com\u00fan. Su modo de llevar las enfermedades que la han llevado al sepulcro, as\u00ed como su conformidad y alegr\u00eda en medio de la pobreza que padec\u00eda y otros trabajos, como el abandono humano, la soledad en que se encontraba de parte de los hombres, el poco apoyo que a su Obra le hac\u00edan, y otros semejantes, me admiraban sobremanera.<\/em><\/p>\n<div id=\"attachment_458\" style=\"width: 593px\" class=\"wp-caption aligncenter\"><img loading=\"lazy\" decoding=\"async\" aria-describedby=\"caption-attachment-458\" class=\"wp-image-458\" src=\"https:\/\/mdrurales.com\/web\/wp-content\/uploads\/2020\/05\/MI-1937-Casa-Jerez-Monjas-Victorias-3-1-300x177.png\" alt=\"\" width=\"583\" height=\"344\" srcset=\"https:\/\/mdrurales.com\/web\/wp-content\/uploads\/2020\/05\/MI-1937-Casa-Jerez-Monjas-Victorias-3-1-300x177.png 300w, https:\/\/mdrurales.com\/web\/wp-content\/uploads\/2020\/05\/MI-1937-Casa-Jerez-Monjas-Victorias-3-1-1024x606.png 1024w, https:\/\/mdrurales.com\/web\/wp-content\/uploads\/2020\/05\/MI-1937-Casa-Jerez-Monjas-Victorias-3-1-768x454.png 768w, https:\/\/mdrurales.com\/web\/wp-content\/uploads\/2020\/05\/MI-1937-Casa-Jerez-Monjas-Victorias-3-1-1536x908.png 1536w, https:\/\/mdrurales.com\/web\/wp-content\/uploads\/2020\/05\/MI-1937-Casa-Jerez-Monjas-Victorias-3-1-2x1.png 2w, https:\/\/mdrurales.com\/web\/wp-content\/uploads\/2020\/05\/MI-1937-Casa-Jerez-Monjas-Victorias-3-1.png 1909w\" sizes=\"auto, (max-width: 583px) 100vw, 583px\" \/><p id=\"caption-attachment-458\" class=\"wp-caption-text\">Casa de Jerez, donde pas\u00f3 el \u00faltimo a\u00f1o de su vida<\/p><\/div>\n<p><em>Su Obra, singular, creo que ha sido poco comprendida y esto le hac\u00eda sufrir, pero con alegr\u00eda y en paz lo ve\u00eda todo, no deseando sino conocer la voluntad de Dios respecto de ella para proceder, bien destruy\u00e9ndola o bien siguiendo trabajando en ella\u201d.<\/em><\/p>\n<p>Ella misma declaraba al P. Juan Antonio Segarra en otra carta:<\/p>\n<p><span style=\"color: #800000;\"><strong>\u00abNo se puede figurar siquiera la cantidad de tribulaciones que llueven sobre esta peque\u00f1a Comunidad. A m\u00ed me da el Se\u00f1or una paz y una alegr\u00eda, en medio de tantas cosas, que no me conozco, y pienso si ser\u00e1 que ya me va a llamar, pues me encuentro sin cruz y con un gozo por dentro inconcebible&#8230; es una especie de milagro que hizo el Se\u00f1or conmigo sobre todo&#8230; (recordando)&#8230; c\u00f3mo estaba el a\u00f1o pasado por este tiempo, y eso que no ten\u00eda encima ni la d\u00e9cima parte de las tribulaciones que ahora tengo&#8230; Pero como le digo yo veo no s\u00f3lo la mano del Se\u00f1or, sino que me parece ver hasta la risa con que lo hace y no puedo sufrir, sobre todo viendo la ganancia espiritual que esto nos trae porque si no, estoy cierta de que el Se\u00f1or no nos lo mandar\u00eda\u00bb.<\/strong><\/span><\/p>\n<div id=\"attachment_462\" style=\"width: 402px\" class=\"wp-caption alignleft\"><img loading=\"lazy\" decoding=\"async\" aria-describedby=\"caption-attachment-462\" class=\"wp-image-462 \" src=\"https:\/\/mdrurales.com\/web\/wp-content\/uploads\/2020\/05\/MI-con-Leonor-300x228.png\" alt=\"\" width=\"392\" height=\"297\" srcset=\"https:\/\/mdrurales.com\/web\/wp-content\/uploads\/2020\/05\/MI-con-Leonor-300x228.png 300w, https:\/\/mdrurales.com\/web\/wp-content\/uploads\/2020\/05\/MI-con-Leonor-1x1.png 1w\" sizes=\"auto, (max-width: 392px) 100vw, 392px\" \/><p id=\"caption-attachment-462\" class=\"wp-caption-text\">Mar\u00eda Isabel, con Blanca Werner, en los \u00faltimos meses de su vida<\/p><\/div>\n<p>&nbsp;<\/p>\n<p>Present\u00eda cerca su fin y no se equivocaba. El d\u00eda 5 de junio padec\u00eda atrozmente y dec\u00eda a sus compa\u00f1eras: <span style=\"color: #800000;\"><strong><em>\u201cId a hacerle al Se\u00f1or una visita de mi parte y pedidle que no me desespere, que si \u00c9l quiere que me tenga as\u00ed hasta el fin del mundo, pero que no me desespere\u201d<\/em><\/strong><em>.<\/em><\/span> Sal\u00edan de sus labios jaculatorias como: <span style=\"color: #800000;\"><strong><em>\u201c\u00a1Ay mi Se\u00f1or!\u201d<\/em><\/strong> o<strong><em> \u201c\u00a1Mi Jes\u00fas!\u201d<\/em><\/strong>.<\/span> Lourdes Werner recordaba admirada que, todav\u00eda esa tarde, estuvo un rato haciendo Detentes del Coraz\u00f3n de Jes\u00fas, pero ya no pod\u00eda m\u00e1s y se acercaba su hora.<\/p>\n<p>&nbsp;<\/p>\n<p>Por fin el 6 de junio de 1937, en Jerez de la Frontera, entreg\u00f3 su alma a Dios despu\u00e9s de haber recibido con gran fervor los \u00faltimos Sacramentos.<\/p>\n<p>La misma Lourdes, que quedaba como responsable de la \u201cchispica\u201d de Obra que dejaba Mar\u00eda Isabel, recordaba as\u00ed aquellas horas de angustia y desolaci\u00f3n: <em>\u201cEstaba agonizando, y nosotras, al darnos cuenta de la p\u00e9rdida que se nos echaba encima, and\u00e1bamos como locas, clamando al cielo por nuestra amad\u00edsima Mar\u00eda Isabel, que nos dejaba en la m\u00e1s desolada orfandad\u2026 Y se nos iba de nuestro lado cuando m\u00e1s parec\u00eda necesaria aquella mujer fuerte, de criterios tan seguros, de inteligencia tan poco com\u00fan, de coraz\u00f3n inmenso, de comprensi\u00f3n incomparable, de piedad solid\u00edsima y sencilla, de celo abrasador por las almas, de bondad y cordialidad inagotables, de sacrificio e inmolaci\u00f3n connatural e ilimitada, de delicadeza y finura espiritual dif\u00edcilmente igualables\u2026<\/em><\/p>\n<div id=\"attachment_464\" style=\"width: 696px\" class=\"wp-caption aligncenter\"><img loading=\"lazy\" decoding=\"async\" aria-describedby=\"caption-attachment-464\" class=\"wp-image-464\" src=\"https:\/\/mdrurales.com\/web\/wp-content\/uploads\/2020\/05\/MI-1937-Casa-Jerez-Monjas-Victorias-3-Habitaci\u00f3n-donde-muri\u00f3-300x187.jpg\" alt=\"\" width=\"686\" height=\"427\" srcset=\"https:\/\/mdrurales.com\/web\/wp-content\/uploads\/2020\/05\/MI-1937-Casa-Jerez-Monjas-Victorias-3-Habitaci\u00f3n-donde-muri\u00f3-300x187.jpg 300w, https:\/\/mdrurales.com\/web\/wp-content\/uploads\/2020\/05\/MI-1937-Casa-Jerez-Monjas-Victorias-3-Habitaci\u00f3n-donde-muri\u00f3-1024x638.jpg 1024w, https:\/\/mdrurales.com\/web\/wp-content\/uploads\/2020\/05\/MI-1937-Casa-Jerez-Monjas-Victorias-3-Habitaci\u00f3n-donde-muri\u00f3-768x478.jpg 768w, https:\/\/mdrurales.com\/web\/wp-content\/uploads\/2020\/05\/MI-1937-Casa-Jerez-Monjas-Victorias-3-Habitaci\u00f3n-donde-muri\u00f3-1536x957.jpg 1536w, https:\/\/mdrurales.com\/web\/wp-content\/uploads\/2020\/05\/MI-1937-Casa-Jerez-Monjas-Victorias-3-Habitaci\u00f3n-donde-muri\u00f3-2048x1276.jpg 2048w, https:\/\/mdrurales.com\/web\/wp-content\/uploads\/2020\/05\/MI-1937-Casa-Jerez-Monjas-Victorias-3-Habitaci\u00f3n-donde-muri\u00f3-2x1.jpg 2w\" sizes=\"auto, (max-width: 686px) 100vw, 686px\" \/><p id=\"caption-attachment-464\" class=\"wp-caption-text\">Habitaci\u00f3n donde muri\u00f3 en Jerez, a\u00f1o 1937<\/p><\/div>\n<p><em>Muerta ya, y en aquel sill\u00f3n donde a\u00f1os y a\u00f1os la hab\u00edamos visto agonizar, con los terribles ataques de sus enfermedades cr\u00f3nicas e incurables, y doloros\u00edsimas, que la iban agotando inexorablemente, no quer\u00eda nuestro coraz\u00f3n de hijas creer en la muerte. \u00a1No pod\u00eda ser! Pero en el reloj de la Divina Providencia, aunque no lo vi\u00e9semos, hab\u00eda sonado la hora de su descanso corporal, la del eterno abrazo con aquel Se\u00f1or al que tanto hab\u00eda amado y tan fielmente servido, no menos en la salud que en la enfermedad\u201d<\/em><\/p>\n<p>El sepulcro fue prestado; y con una limosna que les lleg\u00f3 providencialmente, pudieron costear los gastos del funeral. Hab\u00eda hecho realidad aquel deseo de ni\u00f1a de <em>\u201cno ser nunca rica\u201d,<\/em> pues hab\u00eda dado, a su Se\u00f1or y a sus pobres, todo cuanto era y ten\u00eda.<\/p>\n<div id=\"attachment_466\" style=\"width: 352px\" class=\"wp-caption alignright\"><img loading=\"lazy\" decoding=\"async\" aria-describedby=\"caption-attachment-466\" class=\"wp-image-466 \" src=\"https:\/\/mdrurales.com\/web\/wp-content\/uploads\/2020\/05\/sepulcro-actual-2-225x300.jpg\" alt=\"\" width=\"342\" height=\"455\" srcset=\"https:\/\/mdrurales.com\/web\/wp-content\/uploads\/2020\/05\/sepulcro-actual-2-225x300.jpg 225w, https:\/\/mdrurales.com\/web\/wp-content\/uploads\/2020\/05\/sepulcro-actual-2-768x1024.jpg 768w, https:\/\/mdrurales.com\/web\/wp-content\/uploads\/2020\/05\/sepulcro-actual-2-1152x1536.jpg 1152w, https:\/\/mdrurales.com\/web\/wp-content\/uploads\/2020\/05\/sepulcro-actual-2-1536x2048.jpg 1536w, https:\/\/mdrurales.com\/web\/wp-content\/uploads\/2020\/05\/sepulcro-actual-2-1x1.jpg 1w, https:\/\/mdrurales.com\/web\/wp-content\/uploads\/2020\/05\/sepulcro-actual-2-scaled.jpg 1920w\" sizes=\"auto, (max-width: 342px) 100vw, 342px\" \/><p id=\"caption-attachment-466\" class=\"wp-caption-text\">Actual sepultura, en la iglesia de la Sierra de Gibralgalia, donde fueron trasladados sus restos en 1954<\/p><\/div>\n<p>El testimonio del que hab\u00eda sido su \u00faltimo gu\u00eda espiritual, en la carta de p\u00e9same que les escribi\u00f3 desde Roma, habla por s\u00ed solo:<\/p>\n<p><em>\u201cMar\u00eda Isabel, ya en el cielo es m\u00e1s nuestra que nunca. Todas sus excelentes e inmejorables cualidades connaturales: aquella visi\u00f3n clar\u00edsima de las necesidades del mundo, aquella genialidad en adoptar los medios m\u00e1s sencillos y profundos con una maravillosa adaptaci\u00f3n y oportunidad, aquel coraz\u00f3n de fuego, todo generosidad y entrega sin l\u00edmites para lo bueno y santo, aquel sentido \u00edntimo de comprensi\u00f3n y compasi\u00f3n de los pobres; todo esto que vosotras hab\u00e9is gustado de cerca en estos a\u00f1os de continua convivencia y que yo mismo conoc\u00ed profundamente aqu\u00ed en Roma; todo esto, que ya en este mundo Mar\u00eda Isabel lo hab\u00eda puesto enter\u00edsimo al servicio puro de nuestro Padre Celestial en su Hijo; ahora, con la muerte, no desaparecer\u00e1 de nuestro lado, sino que, divinizado m\u00e1s que lo estaba, se emplear\u00e1 con mucha mayor eficacia en llevar adelante la Obra que el P. Arnaiz inici\u00f3 en nombre de Dios y que Dios mismo, a pesar de los hombres, le confi\u00f3 a ella para que la conservara y arraigara en la pureza de ideales, en la profundidad del dolor, en la naturalidad de la humildad, en la fortaleza inquebrantable. Este periodo de humana oscuridad y de persecuci\u00f3n entre solapada e involuntaria, ha formado el tronco gran\u00edtico de vuestra perfecci\u00f3n interior y del conocimiento y compenetraci\u00f3n con la alt\u00edsima misi\u00f3n que el Coraz\u00f3n Divino de nuestro Jes\u00fas os tiene destinada. La Obra seguir\u00e1 y crecer\u00e1; y nuestro Coraz\u00f3n no permitir\u00e1 jam\u00e1s que olvidemos que todo el fruto que venga arranca de este periodo de humillaci\u00f3n por el que hab\u00e9is pasado al lado y en estrecha comunicaci\u00f3n con Mar\u00eda Isabel, gran mujer cat\u00f3lica, espa\u00f1ola, al estilo de Santa. Teresa, pero sobre todo v\u00edctima inmolada sin reservas, con pleno conocimiento, a la voluntad del que se la hab\u00eda conquistado y la hab\u00eda arrancado del mundo para hacerla suya.\u201d (P. Juan Antonio Segarra S.J.)<\/em><\/p>\n<p><strong><em>\u00a0<\/em><\/strong><\/p>\n<table style=\"border-collapse: collapse; width: 100%;\">\n<tbody>\n<tr>\n<td style=\"width: 100%;\">\n<p style=\"text-align: center;\"><span style=\"font-size: 14pt; font-family: 'book antiqua', palatino, serif;\"><strong>\u00a0<span style=\"color: #800000;\"><em>\u2020<\/em><\/span><\/strong><\/span><\/p>\n<p style=\"text-align: center;\"><span style=\"font-size: 14pt; font-family: 'book antiqua', palatino, serif;\"><strong><span style=\"color: #800000;\"><em>JHS<\/em><\/span><\/strong><\/span><\/p>\n<p><span style=\"font-size: 14pt; font-family: 'book antiqua', palatino, serif;\"><strong><span style=\"color: #800000;\"><em>\u201cEl Se\u00f1or quiere que viva <u>siempre<\/u> dentro de su Coraz\u00f3n y est\u00e9 \u00edntimamente unida a \u00c9l, que con \u00c9l adore y ame a su Padre y a su Madre Sant\u00edsima. Que con su mismo amor quiera a las almas y desee su salvaci\u00f3n. Que aprenda de su Coraz\u00f3n viviendo en \u00c9l, su dulzura, su mansedumbre, su humildad, su paz. Que viva all\u00ed rodeada del amor que me tiene; que todo lo que yo tengo por contrariedades, disgustos y temores, lo tome siempre como pruebas que me da de su cari\u00f1o pues su amor es el que va disponi\u00e9ndolo todo para mi santificaci\u00f3n. Que nunca pierda la confianza en \u00c9l ni la seguridad de su cari\u00f1o. Me promete que las llamas de su amor me purificar\u00e1n, que en \u00c9l vivir\u00e9 en paz y que \u00c9l mismo ser\u00e1 mi cielo eternamente.\u201d<\/em><\/span><\/strong><\/span><\/p>\n<p style=\"text-align: right;\"><span style=\"font-size: 14pt; font-family: 'book antiqua', palatino, serif;\"><strong><span style=\"color: #800000;\"><em>D\u00eda del Sagrado Coraz\u00f3n, 27-junio-1930 <\/em><\/span><\/strong><\/span><\/p>\n<p style=\"text-align: right;\"><span style=\"font-size: 14pt; font-family: 'book antiqua', palatino, serif;\"><strong><span style=\"color: #800000;\"><em>\u00a0\u00a0\u00a0\u00a0\u00a0\u00a0\u00a0\u00a0\u00a0\u00a0\u00a0\u00a0\u00a0\u00a0\u00a0\u00a0\u00a0\u00a0\u00a0\u00a0\u00a0\u00a0\u00a0\u00a0\u00a0\u00a0\u00a0\u00a0\u00a0\u00a0\u00a0\u00a0\u00a0\u00a0\u00a0\u00a0\u00a0\u00a0\u00a0\u00a0\u00a0\u00a0\u00a0\u00a0\u00a0 \u00a0\u00a0\u00a0\u00a0\u00a0\u00a0\u00a0\u00a0\u00a0\u00a0\u00a0\u00a0\u00a0\u00a0\u00a0\u00a0\u00a0\u00a0\u00a0\u00a0\u00a0\u00a0\u00a0\u00a0\u00a0\u00a0\u00a0\u00a0\u00a0\u00a0\u00a0\u00a0\u00a0\u00a0\u00a0<\/em><em>(Mar\u00eda Isabel)<\/em><\/span><\/strong><\/span><\/p>\n<\/td>\n<\/tr>\n<\/tbody>\n<\/table>\n<blockquote>\n<p style=\"text-align: center;\"><span style=\"color: #800000;\"><strong><em><img loading=\"lazy\" decoding=\"async\" class=\"alignleft wp-image-467 \" src=\"https:\/\/mdrurales.com\/web\/wp-content\/uploads\/2020\/05\/sagrado-corazon-paloma-e1589443326848-190x300.jpg\" alt=\"\" width=\"252\" height=\"398\" srcset=\"https:\/\/mdrurales.com\/web\/wp-content\/uploads\/2020\/05\/sagrado-corazon-paloma-e1589443326848-190x300.jpg 190w, https:\/\/mdrurales.com\/web\/wp-content\/uploads\/2020\/05\/sagrado-corazon-paloma-e1589443326848-1x1.jpg 1w, https:\/\/mdrurales.com\/web\/wp-content\/uploads\/2020\/05\/sagrado-corazon-paloma-e1589443326848.jpg 376w\" sizes=\"auto, (max-width: 252px) 100vw, 252px\" \/><span style=\"font-size: 18pt;\">\u201cEl P. Castro<\/span><\/em><\/strong><\/span><\/p>\n<p style=\"text-align: center;\"><span style=\"color: #800000; font-size: 18pt;\"><strong><em>\u00a0me ense\u00f1\u00f3 a ir al Coraz\u00f3n de Jes\u00fas;<\/em><\/strong><\/span><\/p>\n<p style=\"text-align: center;\"><span style=\"color: #800000; font-size: 18pt;\"><strong><em>el P. Arnaiz<\/em><\/strong><\/span><\/p>\n<p style=\"text-align: center;\"><span style=\"color: #800000; font-size: 18pt;\"><strong><em>\u00a0a vivir en el Coraz\u00f3n de Jes\u00fas\u201d<img loading=\"lazy\" decoding=\"async\" class=\"alignnone size-medium wp-image-448\" src=\"https:\/\/mdrurales.com\/web\/wp-content\/uploads\/2020\/05\/imprime-600-b-300x73.jpg\" alt=\"\" width=\"300\" height=\"73\" srcset=\"https:\/\/mdrurales.com\/web\/wp-content\/uploads\/2020\/05\/imprime-600-b-300x73.jpg 300w, https:\/\/mdrurales.com\/web\/wp-content\/uploads\/2020\/05\/imprime-600-b-1024x249.jpg 1024w, https:\/\/mdrurales.com\/web\/wp-content\/uploads\/2020\/05\/imprime-600-b-768x187.jpg 768w, https:\/\/mdrurales.com\/web\/wp-content\/uploads\/2020\/05\/imprime-600-b-4x1.jpg 4w, https:\/\/mdrurales.com\/web\/wp-content\/uploads\/2020\/05\/imprime-600-b.jpg 1176w\" sizes=\"auto, (max-width: 300px) 100vw, 300px\" \/><\/em><\/strong><\/span><\/p>\n<\/blockquote>\n<p>&nbsp;<\/p>\n<p>&nbsp;<\/p>\n","protected":false},"excerpt":{"rendered":"<p>MAR\u00cdA ISABEL GONZ\u00c1LEZ DEL VALLE 1. INFANCIA Y JUVENTUD 2.CONVERSI\u00d3N 3.ENCUENTRA SU VOCACI\u00d3N 4.LAS DOCTRINAS RURALES 5.ARRECIAN LAS PRUEBAS 6.CONSOLIDACI\u00d3N DE LA OBRA 7.\u00daLTIMOS A\u00d1OS Y MUERTE INFANCIA Y JUVENTUD Mar\u00eda Isabel Gonz\u00e1lez del Valle Sarandeses naci\u00f3 en Oviedo el 2 de julio de 1889. Fue bautizada al d\u00eda siguiente. Era la decimosegunda de los&#8230;<\/p>\n","protected":false},"author":1,"featured_media":538,"comment_status":"closed","ping_status":"open","sticky":false,"template":"","format":"standard","meta":{"footnotes":""},"categories":[15,23],"tags":[],"class_list":["post-402","post","type-post","status-publish","format-standard","has-post-thumbnail","hentry","category-quienes-somos","category-fundadora"],"_links":{"self":[{"href":"https:\/\/mdrurales.com\/web\/index.php\/wp-json\/wp\/v2\/posts\/402","targetHints":{"allow":["GET"]}}],"collection":[{"href":"https:\/\/mdrurales.com\/web\/index.php\/wp-json\/wp\/v2\/posts"}],"about":[{"href":"https:\/\/mdrurales.com\/web\/index.php\/wp-json\/wp\/v2\/types\/post"}],"author":[{"embeddable":true,"href":"https:\/\/mdrurales.com\/web\/index.php\/wp-json\/wp\/v2\/users\/1"}],"replies":[{"embeddable":true,"href":"https:\/\/mdrurales.com\/web\/index.php\/wp-json\/wp\/v2\/comments?post=402"}],"version-history":[{"count":16,"href":"https:\/\/mdrurales.com\/web\/index.php\/wp-json\/wp\/v2\/posts\/402\/revisions"}],"predecessor-version":[{"id":496,"href":"https:\/\/mdrurales.com\/web\/index.php\/wp-json\/wp\/v2\/posts\/402\/revisions\/496"}],"wp:featuredmedia":[{"embeddable":true,"href":"https:\/\/mdrurales.com\/web\/index.php\/wp-json\/wp\/v2\/media\/538"}],"wp:attachment":[{"href":"https:\/\/mdrurales.com\/web\/index.php\/wp-json\/wp\/v2\/media?parent=402"}],"wp:term":[{"taxonomy":"category","embeddable":true,"href":"https:\/\/mdrurales.com\/web\/index.php\/wp-json\/wp\/v2\/categories?post=402"},{"taxonomy":"post_tag","embeddable":true,"href":"https:\/\/mdrurales.com\/web\/index.php\/wp-json\/wp\/v2\/tags?post=402"}],"curies":[{"name":"wp","href":"https:\/\/api.w.org\/{rel}","templated":true}]}}